{"id":77,"date":"2018-06-29T13:58:59","date_gmt":"2018-06-29T13:58:59","guid":{"rendered":"https:\/\/asnyk.edu.pl\/?p=77"},"modified":"2025-03-27T07:17:09","modified_gmt":"2025-03-27T07:17:09","slug":"jubileusz","status":"publish","type":"post","link":"https:\/\/asnyk.edu.pl\/?p=77","title":{"rendered":"Jubileusz"},"content":{"rendered":"<p style=\"text-align: left;\">\u00a0W dniu 5 pa\u017adziernika odby\u0142 si\u0119 Jubileusz 110-lecia \u201eAsnyka\u201d.Rozpocz\u0119\u0142a go msza<br \/>\nw ko\u015bciele pod wezwaniem \u015bw. J\u00f3zefa na osiedlu Z\u0142ote \u0141any. G\u0142\u00f3wna cz\u0119\u015b\u0107 uroczysto\u015bci, na kt\u00f3r\u0105 przybyli przedstawiciele w\u0142adz miasta, w\u0142adz o\u015bwiatowych, kurii bielsko-\u017cywieckiej, zwi\u0105zk\u00f3w zawodowych, bielskiego \u015brodowiska o\u015bwiatowego oraz liczna i wielopokoleniowa \u201easnykowa\u201d rodzina mia\u0142a miejsce w Teatrze Polskim<br \/>\nw Bielsku-Bia\u0142ej. By\u0142a cz\u0119\u015b\u0107 oficjalna z przypomnieniem historii i dokona\u0144 szko\u0142y oraz<br \/>\nz licznymi gratulacjami pod jej adresem oraz cz\u0119\u015b\u0107 artystyczna. T\u0119 ostatni\u0105 stanowi\u0142o widowisko muzyczne pi\u0119knie okraszone ta\u0144cem oraz poezj\u0105 Adama Asnyka w wykonaniu uczni\u00f3w, absolwent\u00f3w oraz nauczycieli \u201eAsnyka\u201d. By\u0142a to w\u0119dr\u00f3wka przez polsk\u0105 histori\u0119 od pocz\u0105tku XX wieku do czas\u00f3w wsp\u00f3\u0142czesnych oparta na muzycznych szlagierach znanych film\u00f3w. A na koniec jubileuszu absolwenci II LO im. Adama Asnyka oraz jego dawni i obecnie nauczyciele spotkali si\u0119 w szkolnym gmachu, gdzie mi\u0119dzy innymi mo\u017cna by\u0142o zobaczy\u0107 wernisa\u017c uczniowskich prac oraz wystaw\u0119 po\u015bwi\u0119con\u0105 historii szko\u0142y.<\/p>\n<p><img loading=\"lazy\" decoding=\"async\" class=\"alignnone size-medium wp-image-502\" src=\"http:\/\/asnyk.edu.pl\/wp-content\/uploads\/2018\/06\/133-500x334.jpg\" alt=\"\" width=\"500\" height=\"334\" srcset=\"https:\/\/asnyk.edu.pl\/wp-content\/uploads\/2018\/06\/133-500x334.jpg 500w, https:\/\/asnyk.edu.pl\/wp-content\/uploads\/2018\/06\/133-200x133.jpg 200w, https:\/\/asnyk.edu.pl\/wp-content\/uploads\/2018\/06\/133-768x512.jpg 768w, https:\/\/asnyk.edu.pl\/wp-content\/uploads\/2018\/06\/133-1500x1001.jpg 1500w, https:\/\/asnyk.edu.pl\/wp-content\/uploads\/2018\/06\/133-450x300.jpg 450w\" sizes=\"auto, (max-width: 500px) 100vw, 500px\" \/><\/p>\n","protected":false},"excerpt":{"rendered":"<p>\u00a0W dniu 5 pa\u017adziernika odby\u0142 si\u0119 Jubileusz 110-lecia \u201eAsnyka\u201d.Rozpocz\u0119\u0142a go msza w ko\u015bciele pod wezwaniem \u015bw. J\u00f3zefa na osiedlu Z\u0142ote \u0141any. G\u0142\u00f3wna cz\u0119\u015b\u0107 uroczysto\u015bci, na kt\u00f3r\u0105 przybyli przedstawiciele w\u0142adz miasta, w\u0142adz o\u015bwiatowych, kurii bielsko-\u017cywieckiej, zwi\u0105zk\u00f3w zawodowych, bielskiego \u015brodowiska o\u015bwiatowego oraz &hellip; <a href=\"https:\/\/asnyk.edu.pl\/?p=77\">Czytaj dalej <span class=\"meta-nav\">&rarr;<\/span><\/a><\/p>\n","protected":false},"author":1,"featured_media":0,"comment_status":"closed","ping_status":"closed","sticky":false,"template":"","format":"standard","meta":{"footnotes":"","_links_to":"","_links_to_target":""},"categories":[1],"tags":[],"class_list":["post-77","post","type-post","status-publish","format-standard","hentry","category-uncategorized"],"_links":{"self":[{"href":"https:\/\/asnyk.edu.pl\/index.php?rest_route=\/wp\/v2\/posts\/77","targetHints":{"allow":["GET"]}}],"collection":[{"href":"https:\/\/asnyk.edu.pl\/index.php?rest_route=\/wp\/v2\/posts"}],"about":[{"href":"https:\/\/asnyk.edu.pl\/index.php?rest_route=\/wp\/v2\/types\/post"}],"author":[{"embeddable":true,"href":"https:\/\/asnyk.edu.pl\/index.php?rest_route=\/wp\/v2\/users\/1"}],"replies":[{"embeddable":true,"href":"https:\/\/asnyk.edu.pl\/index.php?rest_route=%2Fwp%2Fv2%2Fcomments&post=77"}],"version-history":[{"count":6,"href":"https:\/\/asnyk.edu.pl\/index.php?rest_route=\/wp\/v2\/posts\/77\/revisions"}],"predecessor-version":[{"id":15392,"href":"https:\/\/asnyk.edu.pl\/index.php?rest_route=\/wp\/v2\/posts\/77\/revisions\/15392"}],"wp:attachment":[{"href":"https:\/\/asnyk.edu.pl\/index.php?rest_route=%2Fwp%2Fv2%2Fmedia&parent=77"}],"wp:term":[{"taxonomy":"category","embeddable":true,"href":"https:\/\/asnyk.edu.pl\/index.php?rest_route=%2Fwp%2Fv2%2Fcategories&post=77"},{"taxonomy":"post_tag","embeddable":true,"href":"https:\/\/asnyk.edu.pl\/index.php?rest_route=%2Fwp%2Fv2%2Ftags&post=77"}],"curies":[{"name":"wp","href":"https:\/\/api.w.org\/{rel}","templated":true}]}}