{"id":7187,"date":"2022-11-28T07:35:37","date_gmt":"2022-11-28T07:35:37","guid":{"rendered":"https:\/\/asnyk.edu.pl\/?p=7187"},"modified":"2023-03-01T14:49:44","modified_gmt":"2023-03-01T14:49:44","slug":"asnykowskie-spotkanie-z-historia","status":"publish","type":"post","link":"https:\/\/asnyk.edu.pl\/?p=7187","title":{"rendered":"&#8222;Asnykowskie&#8221; spotkanie z histori\u0105"},"content":{"rendered":"\n\n\n<p>25 listopada 2020 r. odby\u0142o si\u0119 kolejne &#8222;asnykowskie&#8221; spotkanie z histori\u0105. Licznej grupie s\u0142uchaczy o polskich bohaterach czas\u00f3w rozbiorowych opowiada\u0142 profesor S\u0142awomir Horowski. Mowa by\u0142a o znanym z wiersza Adama Mickiewicza Konstantym Julianie Ordonie, o upami\u0119tnionym w tw\u00f3rczo\u015bci Cypriana Kamila Norwida Karolu Levittoux oraz o niedocenianym przez histori\u0119 przyw\u00f3dcy powstania styczniowego Stefanie Bobrowskim.<\/p>\n<p>https:\/\/drive.google.com\/drive\/folders\/1-gBHo9AIDH_9kmzSmIQEp0X4j64wl4ZZ<\/p>\n\n\n\n<figure class=\"wp-block-gallery has-nested-images columns-default is-cropped wp-block-gallery-1 is-layout-flex wp-block-gallery-is-layout-flex\">\n<figure class=\"wp-block-image size-large\"><img loading=\"lazy\" decoding=\"async\" width=\"1500\" height=\"691\" data-id=\"7188\" src=\"https:\/\/asnyk.edu.pl\/wp-content\/uploads\/2022\/11\/1-8-1500x691.jpg\" alt=\"\" class=\"wp-image-7188\" srcset=\"https:\/\/asnyk.edu.pl\/wp-content\/uploads\/2022\/11\/1-8-1500x691.jpg 1500w, https:\/\/asnyk.edu.pl\/wp-content\/uploads\/2022\/11\/1-8-505x233.jpg 505w, https:\/\/asnyk.edu.pl\/wp-content\/uploads\/2022\/11\/1-8-205x94.jpg 205w, https:\/\/asnyk.edu.pl\/wp-content\/uploads\/2022\/11\/1-8-768x354.jpg 768w, https:\/\/asnyk.edu.pl\/wp-content\/uploads\/2022\/11\/1-8-1536x707.jpg 1536w, https:\/\/asnyk.edu.pl\/wp-content\/uploads\/2022\/11\/1-8-500x230.jpg 500w, https:\/\/asnyk.edu.pl\/wp-content\/uploads\/2022\/11\/1-8.jpg 1865w\" sizes=\"auto, (max-width: 1500px) 100vw, 1500px\" \/><\/figure>\n\n\n\n<figure class=\"wp-block-image size-large\"><img loading=\"lazy\" decoding=\"async\" width=\"553\" height=\"1200\" data-id=\"7189\" src=\"https:\/\/asnyk.edu.pl\/wp-content\/uploads\/2022\/11\/2-8-553x1200.jpg\" alt=\"\" class=\"wp-image-7189\" srcset=\"https:\/\/asnyk.edu.pl\/wp-content\/uploads\/2022\/11\/2-8-553x1200.jpg 553w, https:\/\/asnyk.edu.pl\/wp-content\/uploads\/2022\/11\/2-8-233x505.jpg 233w, https:\/\/asnyk.edu.pl\/wp-content\/uploads\/2022\/11\/2-8-94x205.jpg 94w, https:\/\/asnyk.edu.pl\/wp-content\/uploads\/2022\/11\/2-8-768x1667.jpg 768w, https:\/\/asnyk.edu.pl\/wp-content\/uploads\/2022\/11\/2-8-707x1536.jpg 707w, https:\/\/asnyk.edu.pl\/wp-content\/uploads\/2022\/11\/2-8-138x300.jpg 138w, https:\/\/asnyk.edu.pl\/wp-content\/uploads\/2022\/11\/2-8.jpg 859w\" sizes=\"auto, (max-width: 553px) 100vw, 553px\" \/><\/figure>\n\n\n\n<figure class=\"wp-block-image size-large\"><img loading=\"lazy\" decoding=\"async\" width=\"1500\" height=\"691\" data-id=\"7191\" src=\"https:\/\/asnyk.edu.pl\/wp-content\/uploads\/2022\/11\/3-5-1500x691.jpg\" alt=\"\" class=\"wp-image-7191\" srcset=\"https:\/\/asnyk.edu.pl\/wp-content\/uploads\/2022\/11\/3-5-1500x691.jpg 1500w, https:\/\/asnyk.edu.pl\/wp-content\/uploads\/2022\/11\/3-5-505x233.jpg 505w, https:\/\/asnyk.edu.pl\/wp-content\/uploads\/2022\/11\/3-5-205x94.jpg 205w, https:\/\/asnyk.edu.pl\/wp-content\/uploads\/2022\/11\/3-5-768x354.jpg 768w, https:\/\/asnyk.edu.pl\/wp-content\/uploads\/2022\/11\/3-5-1536x707.jpg 1536w, https:\/\/asnyk.edu.pl\/wp-content\/uploads\/2022\/11\/3-5-500x230.jpg 500w, https:\/\/asnyk.edu.pl\/wp-content\/uploads\/2022\/11\/3-5.jpg 1865w\" sizes=\"auto, (max-width: 1500px) 100vw, 1500px\" \/><\/figure>\n\n\n\n<figure class=\"wp-block-image size-large\"><img loading=\"lazy\" decoding=\"async\" width=\"552\" height=\"1200\" data-id=\"7190\" src=\"https:\/\/asnyk.edu.pl\/wp-content\/uploads\/2022\/11\/4-4-552x1200.jpg\" alt=\"\" class=\"wp-image-7190\" srcset=\"https:\/\/asnyk.edu.pl\/wp-content\/uploads\/2022\/11\/4-4-552x1200.jpg 552w, https:\/\/asnyk.edu.pl\/wp-content\/uploads\/2022\/11\/4-4-232x505.jpg 232w, https:\/\/asnyk.edu.pl\/wp-content\/uploads\/2022\/11\/4-4-94x205.jpg 94w, https:\/\/asnyk.edu.pl\/wp-content\/uploads\/2022\/11\/4-4-768x1669.jpg 768w, https:\/\/asnyk.edu.pl\/wp-content\/uploads\/2022\/11\/4-4-707x1536.jpg 707w, https:\/\/asnyk.edu.pl\/wp-content\/uploads\/2022\/11\/4-4-138x300.jpg 138w, https:\/\/asnyk.edu.pl\/wp-content\/uploads\/2022\/11\/4-4.jpg 882w\" sizes=\"auto, (max-width: 552px) 100vw, 552px\" \/><\/figure>\n<\/figure>\n\n\n\n<figure class=\"wp-block-image size-large\"><img loading=\"lazy\" decoding=\"async\" width=\"554\" height=\"1200\" src=\"https:\/\/asnyk.edu.pl\/wp-content\/uploads\/2022\/11\/5-3-554x1200.jpg\" alt=\"\" class=\"wp-image-7192\" srcset=\"https:\/\/asnyk.edu.pl\/wp-content\/uploads\/2022\/11\/5-3-554x1200.jpg 554w, https:\/\/asnyk.edu.pl\/wp-content\/uploads\/2022\/11\/5-3-233x505.jpg 233w, https:\/\/asnyk.edu.pl\/wp-content\/uploads\/2022\/11\/5-3-95x205.jpg 95w, https:\/\/asnyk.edu.pl\/wp-content\/uploads\/2022\/11\/5-3-768x1665.jpg 768w, https:\/\/asnyk.edu.pl\/wp-content\/uploads\/2022\/11\/5-3-709x1536.jpg 709w, https:\/\/asnyk.edu.pl\/wp-content\/uploads\/2022\/11\/5-3-138x300.jpg 138w, https:\/\/asnyk.edu.pl\/wp-content\/uploads\/2022\/11\/5-3.jpg 930w\" sizes=\"auto, (max-width: 554px) 100vw, 554px\" \/><\/figure>\n","protected":false},"excerpt":{"rendered":"<p>25 listopada 2020 r. odby\u0142o si\u0119 kolejne &#8222;asnykowskie&#8221; spotkanie z histori\u0105. Licznej grupie s\u0142uchaczy o polskich bohaterach czas\u00f3w rozbiorowych opowiada\u0142 profesor S\u0142awomir Horowski. Mowa by\u0142a o znanym z wiersza Adama Mickiewicza Konstantym Julianie Ordonie, o upami\u0119tnionym w tw\u00f3rczo\u015bci Cypriana Kamila &hellip; <a href=\"https:\/\/asnyk.edu.pl\/?p=7187\">Czytaj dalej <span class=\"meta-nav\">&rarr;<\/span><\/a><\/p>\n","protected":false},"author":5,"featured_media":0,"comment_status":"closed","ping_status":"closed","sticky":false,"template":"","format":"standard","meta":{"footnotes":"","_links_to":"","_links_to_target":""},"categories":[34,9],"tags":[],"class_list":["post-7187","post","type-post","status-publish","format-standard","hentry","category-asnykowskie-spotkanie-z-historia","category-obiady-czwartkowe"],"_links":{"self":[{"href":"https:\/\/asnyk.edu.pl\/index.php?rest_route=\/wp\/v2\/posts\/7187","targetHints":{"allow":["GET"]}}],"collection":[{"href":"https:\/\/asnyk.edu.pl\/index.php?rest_route=\/wp\/v2\/posts"}],"about":[{"href":"https:\/\/asnyk.edu.pl\/index.php?rest_route=\/wp\/v2\/types\/post"}],"author":[{"embeddable":true,"href":"https:\/\/asnyk.edu.pl\/index.php?rest_route=\/wp\/v2\/users\/5"}],"replies":[{"embeddable":true,"href":"https:\/\/asnyk.edu.pl\/index.php?rest_route=%2Fwp%2Fv2%2Fcomments&post=7187"}],"version-history":[{"count":2,"href":"https:\/\/asnyk.edu.pl\/index.php?rest_route=\/wp\/v2\/posts\/7187\/revisions"}],"predecessor-version":[{"id":7973,"href":"https:\/\/asnyk.edu.pl\/index.php?rest_route=\/wp\/v2\/posts\/7187\/revisions\/7973"}],"wp:attachment":[{"href":"https:\/\/asnyk.edu.pl\/index.php?rest_route=%2Fwp%2Fv2%2Fmedia&parent=7187"}],"wp:term":[{"taxonomy":"category","embeddable":true,"href":"https:\/\/asnyk.edu.pl\/index.php?rest_route=%2Fwp%2Fv2%2Fcategories&post=7187"},{"taxonomy":"post_tag","embeddable":true,"href":"https:\/\/asnyk.edu.pl\/index.php?rest_route=%2Fwp%2Fv2%2Ftags&post=7187"}],"curies":[{"name":"wp","href":"https:\/\/api.w.org\/{rel}","templated":true}]}}