{"id":7173,"date":"2022-11-23T11:51:41","date_gmt":"2022-11-23T11:51:41","guid":{"rendered":"https:\/\/asnyk.edu.pl\/?p=7173"},"modified":"2022-11-23T11:51:41","modified_gmt":"2022-11-23T11:51:41","slug":"olimpiady-o-zdrowiu-psychicznym","status":"publish","type":"post","link":"https:\/\/asnyk.edu.pl\/?p=7173","title":{"rendered":"Olimpiady o zdrowiu psychicznym"},"content":{"rendered":"\n<div dir=\"auto\">Wielkie gratulacje dla Natalii Dygowskiej z klasy 3d, kt\u00f3ra zaj\u0119\u0142a 2 miejsce na ostatnim, rejonowym etapie Olimpiady o zdrowiu psychicznym.<\/div>\n<div dir=\"auto\">To du\u017cy sukces i wyr\u00f3\u017cnienie dla naszej szko\u0142y uplasowa\u0107 si\u0119 w \u015bcis\u0142ej czo\u0142\u00f3wce Lice\u00f3w Bielska-Bia\u0142ej, powiatu bielskiego, cieszy\u0144skiego i \u017cywieckiego.<\/div>\n\n\n\n<figure class=\"wp-block-gallery has-nested-images columns-default is-cropped wp-block-gallery-1 is-layout-flex wp-block-gallery-is-layout-flex\">\n<figure class=\"wp-block-image size-large\"><img loading=\"lazy\" decoding=\"async\" width=\"652\" height=\"960\" data-id=\"7174\" src=\"https:\/\/asnyk.edu.pl\/wp-content\/uploads\/2022\/11\/1-6.jpg\" alt=\"\" class=\"wp-image-7174\" srcset=\"https:\/\/asnyk.edu.pl\/wp-content\/uploads\/2022\/11\/1-6.jpg 652w, https:\/\/asnyk.edu.pl\/wp-content\/uploads\/2022\/11\/1-6-343x505.jpg 343w, https:\/\/asnyk.edu.pl\/wp-content\/uploads\/2022\/11\/1-6-139x205.jpg 139w, https:\/\/asnyk.edu.pl\/wp-content\/uploads\/2022\/11\/1-6-204x300.jpg 204w\" sizes=\"auto, (max-width: 652px) 100vw, 652px\" \/><\/figure>\n\n\n\n<figure class=\"wp-block-image size-large\"><img loading=\"lazy\" decoding=\"async\" width=\"1500\" height=\"1125\" data-id=\"7175\" src=\"https:\/\/asnyk.edu.pl\/wp-content\/uploads\/2022\/11\/2-6-1500x1125.jpg\" alt=\"\" class=\"wp-image-7175\" srcset=\"https:\/\/asnyk.edu.pl\/wp-content\/uploads\/2022\/11\/2-6-1500x1125.jpg 1500w, https:\/\/asnyk.edu.pl\/wp-content\/uploads\/2022\/11\/2-6-505x379.jpg 505w, https:\/\/asnyk.edu.pl\/wp-content\/uploads\/2022\/11\/2-6-205x154.jpg 205w, https:\/\/asnyk.edu.pl\/wp-content\/uploads\/2022\/11\/2-6-768x576.jpg 768w, https:\/\/asnyk.edu.pl\/wp-content\/uploads\/2022\/11\/2-6-1536x1152.jpg 1536w, https:\/\/asnyk.edu.pl\/wp-content\/uploads\/2022\/11\/2-6-400x300.jpg 400w, https:\/\/asnyk.edu.pl\/wp-content\/uploads\/2022\/11\/2-6.jpg 2048w\" sizes=\"auto, (max-width: 1500px) 100vw, 1500px\" \/><\/figure>\n<\/figure>\n","protected":false},"excerpt":{"rendered":"<p>Wielkie gratulacje dla Natalii Dygowskiej z klasy 3d, kt\u00f3ra zaj\u0119\u0142a 2 miejsce na ostatnim, rejonowym etapie Olimpiady o zdrowiu psychicznym. To du\u017cy sukces i wyr\u00f3\u017cnienie dla naszej szko\u0142y uplasowa\u0107 si\u0119 w \u015bcis\u0142ej czo\u0142\u00f3wce Lice\u00f3w Bielska-Bia\u0142ej, powiatu bielskiego, cieszy\u0144skiego i \u017cywieckiego.<\/p>\n","protected":false},"author":5,"featured_media":0,"comment_status":"closed","ping_status":"closed","sticky":false,"template":"","format":"standard","meta":{"footnotes":"","_links_to":"","_links_to_target":""},"categories":[8],"tags":[],"class_list":["post-7173","post","type-post","status-publish","format-standard","hentry","category-konkursy"],"_links":{"self":[{"href":"https:\/\/asnyk.edu.pl\/index.php?rest_route=\/wp\/v2\/posts\/7173","targetHints":{"allow":["GET"]}}],"collection":[{"href":"https:\/\/asnyk.edu.pl\/index.php?rest_route=\/wp\/v2\/posts"}],"about":[{"href":"https:\/\/asnyk.edu.pl\/index.php?rest_route=\/wp\/v2\/types\/post"}],"author":[{"embeddable":true,"href":"https:\/\/asnyk.edu.pl\/index.php?rest_route=\/wp\/v2\/users\/5"}],"replies":[{"embeddable":true,"href":"https:\/\/asnyk.edu.pl\/index.php?rest_route=%2Fwp%2Fv2%2Fcomments&post=7173"}],"version-history":[{"count":1,"href":"https:\/\/asnyk.edu.pl\/index.php?rest_route=\/wp\/v2\/posts\/7173\/revisions"}],"predecessor-version":[{"id":7176,"href":"https:\/\/asnyk.edu.pl\/index.php?rest_route=\/wp\/v2\/posts\/7173\/revisions\/7176"}],"wp:attachment":[{"href":"https:\/\/asnyk.edu.pl\/index.php?rest_route=%2Fwp%2Fv2%2Fmedia&parent=7173"}],"wp:term":[{"taxonomy":"category","embeddable":true,"href":"https:\/\/asnyk.edu.pl\/index.php?rest_route=%2Fwp%2Fv2%2Fcategories&post=7173"},{"taxonomy":"post_tag","embeddable":true,"href":"https:\/\/asnyk.edu.pl\/index.php?rest_route=%2Fwp%2Fv2%2Ftags&post=7173"}],"curies":[{"name":"wp","href":"https:\/\/api.w.org\/{rel}","templated":true}]}}