{"id":7137,"date":"2022-11-21T08:57:12","date_gmt":"2022-11-21T08:57:12","guid":{"rendered":"https:\/\/asnyk.edu.pl\/?p=7137"},"modified":"2022-11-21T08:57:12","modified_gmt":"2022-11-21T08:57:12","slug":"zajecia-z-ratownictwa-3","status":"publish","type":"post","link":"https:\/\/asnyk.edu.pl\/?p=7137","title":{"rendered":"Zaj\u0119cia z ratownictwa"},"content":{"rendered":"\n<p>W dniu\u00a0 15 listopada klasa 4cp bra\u0142a udzia\u0142 w zaj\u0119ciach zorganizowanych przez Wojska Obrony Terytorialnej naszego kraju. Uczniowie rozmawiali z wyk\u0142adowcami na temat dzia\u0142a\u0144 obrony kraju oraz mieli okazj\u0119 zapozna\u0107 si\u0119 ze specjalistycznym sprz\u0119tem ratunkowym.<\/p>\n\n\n\n<figure class=\"wp-block-gallery has-nested-images columns-default is-cropped wp-block-gallery-1 is-layout-flex wp-block-gallery-is-layout-flex\">\n<figure class=\"wp-block-image size-large\"><img loading=\"lazy\" decoding=\"async\" width=\"900\" height=\"1200\" data-id=\"7138\" src=\"https:\/\/asnyk.edu.pl\/wp-content\/uploads\/2022\/11\/20221115_111446-900x1200.jpg\" alt=\"\" class=\"wp-image-7138\" srcset=\"https:\/\/asnyk.edu.pl\/wp-content\/uploads\/2022\/11\/20221115_111446-900x1200.jpg 900w, https:\/\/asnyk.edu.pl\/wp-content\/uploads\/2022\/11\/20221115_111446-379x505.jpg 379w, https:\/\/asnyk.edu.pl\/wp-content\/uploads\/2022\/11\/20221115_111446-154x205.jpg 154w, https:\/\/asnyk.edu.pl\/wp-content\/uploads\/2022\/11\/20221115_111446-768x1024.jpg 768w, https:\/\/asnyk.edu.pl\/wp-content\/uploads\/2022\/11\/20221115_111446-1152x1536.jpg 1152w, https:\/\/asnyk.edu.pl\/wp-content\/uploads\/2022\/11\/20221115_111446-225x300.jpg 225w, https:\/\/asnyk.edu.pl\/wp-content\/uploads\/2022\/11\/20221115_111446.jpg 1500w\" sizes=\"auto, (max-width: 900px) 100vw, 900px\" \/><\/figure>\n\n\n\n<figure class=\"wp-block-image size-large\"><img loading=\"lazy\" decoding=\"async\" width=\"900\" height=\"1200\" data-id=\"7142\" src=\"https:\/\/asnyk.edu.pl\/wp-content\/uploads\/2022\/11\/20221115_110917-900x1200.jpg\" alt=\"\" class=\"wp-image-7142\" srcset=\"https:\/\/asnyk.edu.pl\/wp-content\/uploads\/2022\/11\/20221115_110917-900x1200.jpg 900w, https:\/\/asnyk.edu.pl\/wp-content\/uploads\/2022\/11\/20221115_110917-379x505.jpg 379w, https:\/\/asnyk.edu.pl\/wp-content\/uploads\/2022\/11\/20221115_110917-154x205.jpg 154w, https:\/\/asnyk.edu.pl\/wp-content\/uploads\/2022\/11\/20221115_110917-768x1024.jpg 768w, https:\/\/asnyk.edu.pl\/wp-content\/uploads\/2022\/11\/20221115_110917-1152x1536.jpg 1152w, https:\/\/asnyk.edu.pl\/wp-content\/uploads\/2022\/11\/20221115_110917-225x300.jpg 225w, https:\/\/asnyk.edu.pl\/wp-content\/uploads\/2022\/11\/20221115_110917.jpg 1500w\" sizes=\"auto, (max-width: 900px) 100vw, 900px\" \/><\/figure>\n\n\n\n<figure class=\"wp-block-image size-large\"><img loading=\"lazy\" decoding=\"async\" width=\"1500\" height=\"1125\" data-id=\"7139\" src=\"https:\/\/asnyk.edu.pl\/wp-content\/uploads\/2022\/11\/20221115_105642-1500x1125.jpg\" alt=\"\" class=\"wp-image-7139\" srcset=\"https:\/\/asnyk.edu.pl\/wp-content\/uploads\/2022\/11\/20221115_105642-1500x1125.jpg 1500w, https:\/\/asnyk.edu.pl\/wp-content\/uploads\/2022\/11\/20221115_105642-505x379.jpg 505w, https:\/\/asnyk.edu.pl\/wp-content\/uploads\/2022\/11\/20221115_105642-205x154.jpg 205w, https:\/\/asnyk.edu.pl\/wp-content\/uploads\/2022\/11\/20221115_105642-768x576.jpg 768w, https:\/\/asnyk.edu.pl\/wp-content\/uploads\/2022\/11\/20221115_105642-1536x1152.jpg 1536w, https:\/\/asnyk.edu.pl\/wp-content\/uploads\/2022\/11\/20221115_105642-400x300.jpg 400w, https:\/\/asnyk.edu.pl\/wp-content\/uploads\/2022\/11\/20221115_105642.jpg 2000w\" sizes=\"auto, (max-width: 1500px) 100vw, 1500px\" \/><\/figure>\n\n\n\n<figure class=\"wp-block-image size-large\"><img loading=\"lazy\" decoding=\"async\" width=\"1500\" height=\"1125\" data-id=\"7141\" src=\"https:\/\/asnyk.edu.pl\/wp-content\/uploads\/2022\/11\/20221115_105404-1500x1125.jpg\" alt=\"\" class=\"wp-image-7141\" srcset=\"https:\/\/asnyk.edu.pl\/wp-content\/uploads\/2022\/11\/20221115_105404-1500x1125.jpg 1500w, https:\/\/asnyk.edu.pl\/wp-content\/uploads\/2022\/11\/20221115_105404-505x379.jpg 505w, https:\/\/asnyk.edu.pl\/wp-content\/uploads\/2022\/11\/20221115_105404-205x154.jpg 205w, https:\/\/asnyk.edu.pl\/wp-content\/uploads\/2022\/11\/20221115_105404-768x576.jpg 768w, https:\/\/asnyk.edu.pl\/wp-content\/uploads\/2022\/11\/20221115_105404-1536x1152.jpg 1536w, https:\/\/asnyk.edu.pl\/wp-content\/uploads\/2022\/11\/20221115_105404-400x300.jpg 400w, https:\/\/asnyk.edu.pl\/wp-content\/uploads\/2022\/11\/20221115_105404.jpg 2000w\" sizes=\"auto, (max-width: 1500px) 100vw, 1500px\" \/><\/figure>\n\n\n\n<figure class=\"wp-block-image size-large\"><img loading=\"lazy\" decoding=\"async\" width=\"1500\" height=\"1125\" data-id=\"7140\" src=\"https:\/\/asnyk.edu.pl\/wp-content\/uploads\/2022\/11\/20221115_105401-1500x1125.jpg\" alt=\"\" class=\"wp-image-7140\" srcset=\"https:\/\/asnyk.edu.pl\/wp-content\/uploads\/2022\/11\/20221115_105401-1500x1125.jpg 1500w, https:\/\/asnyk.edu.pl\/wp-content\/uploads\/2022\/11\/20221115_105401-505x379.jpg 505w, https:\/\/asnyk.edu.pl\/wp-content\/uploads\/2022\/11\/20221115_105401-205x154.jpg 205w, https:\/\/asnyk.edu.pl\/wp-content\/uploads\/2022\/11\/20221115_105401-768x576.jpg 768w, https:\/\/asnyk.edu.pl\/wp-content\/uploads\/2022\/11\/20221115_105401-1536x1152.jpg 1536w, https:\/\/asnyk.edu.pl\/wp-content\/uploads\/2022\/11\/20221115_105401-400x300.jpg 400w, https:\/\/asnyk.edu.pl\/wp-content\/uploads\/2022\/11\/20221115_105401.jpg 2000w\" sizes=\"auto, (max-width: 1500px) 100vw, 1500px\" \/><\/figure>\n<\/figure>\n","protected":false},"excerpt":{"rendered":"<p>W dniu\u00a0 15 listopada klasa 4cp bra\u0142a udzia\u0142 w zaj\u0119ciach zorganizowanych przez Wojska Obrony Terytorialnej naszego kraju. Uczniowie rozmawiali z wyk\u0142adowcami na temat dzia\u0142a\u0144 obrony kraju oraz mieli okazj\u0119 zapozna\u0107 si\u0119 ze specjalistycznym sprz\u0119tem ratunkowym.<\/p>\n","protected":false},"author":5,"featured_media":0,"comment_status":"closed","ping_status":"closed","sticky":false,"template":"","format":"standard","meta":{"footnotes":"","_links_to":"","_links_to_target":""},"categories":[26],"tags":[],"class_list":["post-7137","post","type-post","status-publish","format-standard","hentry","category-ratownictwo-medyczne-2022-2023"],"_links":{"self":[{"href":"https:\/\/asnyk.edu.pl\/index.php?rest_route=\/wp\/v2\/posts\/7137","targetHints":{"allow":["GET"]}}],"collection":[{"href":"https:\/\/asnyk.edu.pl\/index.php?rest_route=\/wp\/v2\/posts"}],"about":[{"href":"https:\/\/asnyk.edu.pl\/index.php?rest_route=\/wp\/v2\/types\/post"}],"author":[{"embeddable":true,"href":"https:\/\/asnyk.edu.pl\/index.php?rest_route=\/wp\/v2\/users\/5"}],"replies":[{"embeddable":true,"href":"https:\/\/asnyk.edu.pl\/index.php?rest_route=%2Fwp%2Fv2%2Fcomments&post=7137"}],"version-history":[{"count":1,"href":"https:\/\/asnyk.edu.pl\/index.php?rest_route=\/wp\/v2\/posts\/7137\/revisions"}],"predecessor-version":[{"id":7143,"href":"https:\/\/asnyk.edu.pl\/index.php?rest_route=\/wp\/v2\/posts\/7137\/revisions\/7143"}],"wp:attachment":[{"href":"https:\/\/asnyk.edu.pl\/index.php?rest_route=%2Fwp%2Fv2%2Fmedia&parent=7137"}],"wp:term":[{"taxonomy":"category","embeddable":true,"href":"https:\/\/asnyk.edu.pl\/index.php?rest_route=%2Fwp%2Fv2%2Fcategories&post=7137"},{"taxonomy":"post_tag","embeddable":true,"href":"https:\/\/asnyk.edu.pl\/index.php?rest_route=%2Fwp%2Fv2%2Ftags&post=7137"}],"curies":[{"name":"wp","href":"https:\/\/api.w.org\/{rel}","templated":true}]}}