{"id":4294,"date":"2022-03-30T11:00:19","date_gmt":"2022-03-30T11:00:19","guid":{"rendered":"https:\/\/asnyk.edu.pl\/?p=4294"},"modified":"2022-07-18T17:52:54","modified_gmt":"2022-07-18T17:52:54","slug":"spotkanie-2","status":"publish","type":"post","link":"https:\/\/asnyk.edu.pl\/?p=4294","title":{"rendered":"Spotkanie"},"content":{"rendered":"\n<p>We wtorek klasa 2a uczestniczy\u0142a w inspiruj\u0105cym spotkaniu z t\u0142umaczk\u0105 przysi\u0119g\u0142\u0105 j\u0119zyka czeskiego p. Agnieszk\u0105 Baran w Bibliotece Z\u0142ote \u0141any. Mo\u017ce kto\u015b spo\u015br\u00f3d naszych uczni\u00f3w lub uczennic w przysz\u0142o\u015bci wybierze tak\u0105 \u015bcie\u017ck\u0119 swojej kariery?<\/p>\n<p>\u00a0<\/p>\n\n\n<div class=\"wp-block-image\">\n<figure class=\"aligncenter size-large\"><img loading=\"lazy\" decoding=\"async\" width=\"900\" height=\"1200\" src=\"https:\/\/asnyk.edu.pl\/wp-content\/uploads\/2022\/03\/a1-900x1200.jpg\" alt=\"\" class=\"wp-image-4295\" srcset=\"https:\/\/asnyk.edu.pl\/wp-content\/uploads\/2022\/03\/a1-900x1200.jpg 900w, https:\/\/asnyk.edu.pl\/wp-content\/uploads\/2022\/03\/a1-375x500.jpg 375w, https:\/\/asnyk.edu.pl\/wp-content\/uploads\/2022\/03\/a1-150x200.jpg 150w, https:\/\/asnyk.edu.pl\/wp-content\/uploads\/2022\/03\/a1-768x1024.jpg 768w, https:\/\/asnyk.edu.pl\/wp-content\/uploads\/2022\/03\/a1-1152x1536.jpg 1152w, https:\/\/asnyk.edu.pl\/wp-content\/uploads\/2022\/03\/a1-225x300.jpg 225w, https:\/\/asnyk.edu.pl\/wp-content\/uploads\/2022\/03\/a1.jpg 1536w\" sizes=\"auto, (max-width: 900px) 100vw, 900px\" \/><\/figure>\n<\/div>","protected":false},"excerpt":{"rendered":"<p>We wtorek klasa 2a uczestniczy\u0142a w inspiruj\u0105cym spotkaniu z t\u0142umaczk\u0105 przysi\u0119g\u0142\u0105 j\u0119zyka czeskiego p. Agnieszk\u0105 Baran w Bibliotece Z\u0142ote \u0141any. Mo\u017ce kto\u015b spo\u015br\u00f3d naszych uczni\u00f3w lub uczennic w przysz\u0142o\u015bci wybierze tak\u0105 \u015bcie\u017ck\u0119 swojej kariery? \u00a0<\/p>\n","protected":false},"author":5,"featured_media":0,"comment_status":"closed","ping_status":"closed","sticky":false,"template":"","format":"standard","meta":{"footnotes":"","_links_to":"","_links_to_target":""},"categories":[17],"tags":[],"class_list":["post-4294","post","type-post","status-publish","format-standard","hentry","category-promocja-szkoly"],"_links":{"self":[{"href":"https:\/\/asnyk.edu.pl\/index.php?rest_route=\/wp\/v2\/posts\/4294","targetHints":{"allow":["GET"]}}],"collection":[{"href":"https:\/\/asnyk.edu.pl\/index.php?rest_route=\/wp\/v2\/posts"}],"about":[{"href":"https:\/\/asnyk.edu.pl\/index.php?rest_route=\/wp\/v2\/types\/post"}],"author":[{"embeddable":true,"href":"https:\/\/asnyk.edu.pl\/index.php?rest_route=\/wp\/v2\/users\/5"}],"replies":[{"embeddable":true,"href":"https:\/\/asnyk.edu.pl\/index.php?rest_route=%2Fwp%2Fv2%2Fcomments&post=4294"}],"version-history":[{"count":2,"href":"https:\/\/asnyk.edu.pl\/index.php?rest_route=\/wp\/v2\/posts\/4294\/revisions"}],"predecessor-version":[{"id":6279,"href":"https:\/\/asnyk.edu.pl\/index.php?rest_route=\/wp\/v2\/posts\/4294\/revisions\/6279"}],"wp:attachment":[{"href":"https:\/\/asnyk.edu.pl\/index.php?rest_route=%2Fwp%2Fv2%2Fmedia&parent=4294"}],"wp:term":[{"taxonomy":"category","embeddable":true,"href":"https:\/\/asnyk.edu.pl\/index.php?rest_route=%2Fwp%2Fv2%2Fcategories&post=4294"},{"taxonomy":"post_tag","embeddable":true,"href":"https:\/\/asnyk.edu.pl\/index.php?rest_route=%2Fwp%2Fv2%2Ftags&post=4294"}],"curies":[{"name":"wp","href":"https:\/\/api.w.org\/{rel}","templated":true}]}}