{"id":17714,"date":"2026-03-13T07:12:54","date_gmt":"2026-03-13T07:12:54","guid":{"rendered":"https:\/\/asnyk.edu.pl\/?p=17714"},"modified":"2026-03-13T07:12:56","modified_gmt":"2026-03-13T07:12:56","slug":"miedzyszkolny-konkurs-wiedzy-o-krajach-hiszpanskojezycznych-iberiada-2026","status":"publish","type":"post","link":"https:\/\/asnyk.edu.pl\/?p=17714","title":{"rendered":"Mi\u0119dzyszkolny Konkurs Wiedzy o Krajach Hiszpa\u0144skoj\u0119zycznych &#8222;IBERIADA 2026&#8221;"},"content":{"rendered":"\n<p>W czwartek 12.03.2026 roku na Uniwersytecie Bielsko-Bialskim odby\u0142 si\u0119 Mi\u0119dzyszkolny Konkurs Wiedzy o Krajach Hiszpa\u0144skoj\u0119zycznych &#8222;IBERIADA 2026&#8221;.<\/p>\n<p>Uczennice Karolina Hola i Zofia J\u0119dryka z klasy 3g\u00a0 zaj\u0119\u0142y <strong>I miejsce<\/strong>, pokonuj\u0105c szko\u0142y z ca\u0142ego wojew\u00f3dztwa \u015bl\u0105skiego.<\/p>\n<p>Gratulujemy !<\/p>\n\n\n\n<figure class=\"wp-block-image size-medium\"><img loading=\"lazy\" decoding=\"async\" width=\"505\" height=\"284\" src=\"https:\/\/asnyk.edu.pl\/wp-content\/uploads\/2026\/03\/IMG_20260312_105408-505x284.jpg\" alt=\"\" class=\"wp-image-17717\" srcset=\"https:\/\/asnyk.edu.pl\/wp-content\/uploads\/2026\/03\/IMG_20260312_105408-505x284.jpg 505w, https:\/\/asnyk.edu.pl\/wp-content\/uploads\/2026\/03\/IMG_20260312_105408-1500x844.jpg 1500w, https:\/\/asnyk.edu.pl\/wp-content\/uploads\/2026\/03\/IMG_20260312_105408-205x115.jpg 205w, https:\/\/asnyk.edu.pl\/wp-content\/uploads\/2026\/03\/IMG_20260312_105408-768x432.jpg 768w, https:\/\/asnyk.edu.pl\/wp-content\/uploads\/2026\/03\/IMG_20260312_105408-1536x864.jpg 1536w, https:\/\/asnyk.edu.pl\/wp-content\/uploads\/2026\/03\/IMG_20260312_105408-500x281.jpg 500w, https:\/\/asnyk.edu.pl\/wp-content\/uploads\/2026\/03\/IMG_20260312_105408.jpg 2000w\" sizes=\"auto, (max-width: 505px) 100vw, 505px\" \/><\/figure>\n\n\n\n<figure class=\"wp-block-image size-medium\"><img loading=\"lazy\" decoding=\"async\" width=\"505\" height=\"379\" src=\"https:\/\/asnyk.edu.pl\/wp-content\/uploads\/2026\/03\/image000002-505x379.jpg\" alt=\"\" class=\"wp-image-17715\" srcset=\"https:\/\/asnyk.edu.pl\/wp-content\/uploads\/2026\/03\/image000002-505x379.jpg 505w, https:\/\/asnyk.edu.pl\/wp-content\/uploads\/2026\/03\/image000002-1500x1125.jpg 1500w, https:\/\/asnyk.edu.pl\/wp-content\/uploads\/2026\/03\/image000002-205x154.jpg 205w, https:\/\/asnyk.edu.pl\/wp-content\/uploads\/2026\/03\/image000002-768x576.jpg 768w, https:\/\/asnyk.edu.pl\/wp-content\/uploads\/2026\/03\/image000002-1536x1152.jpg 1536w, https:\/\/asnyk.edu.pl\/wp-content\/uploads\/2026\/03\/image000002-400x300.jpg 400w, https:\/\/asnyk.edu.pl\/wp-content\/uploads\/2026\/03\/image000002.jpg 1600w\" sizes=\"auto, (max-width: 505px) 100vw, 505px\" \/><\/figure>\n\n\n\n\n","protected":false},"excerpt":{"rendered":"<p>W czwartek 12.03.2026 roku na Uniwersytecie Bielsko-Bialskim odby\u0142 si\u0119 Mi\u0119dzyszkolny Konkurs Wiedzy o Krajach Hiszpa\u0144skoj\u0119zycznych &#8222;IBERIADA 2026&#8221;. Uczennice Karolina Hola i Zofia J\u0119dryka z klasy 3g\u00a0 zaj\u0119\u0142y I miejsce, pokonuj\u0105c szko\u0142y z ca\u0142ego wojew\u00f3dztwa \u015bl\u0105skiego. Gratulujemy !<\/p>\n","protected":false},"author":5,"featured_media":0,"comment_status":"closed","ping_status":"closed","sticky":false,"template":"","format":"standard","meta":{"footnotes":"","_links_to":"","_links_to_target":""},"categories":[87],"tags":[],"class_list":["post-17714","post","type-post","status-publish","format-standard","hentry","category-konkursy-2025-26"],"_links":{"self":[{"href":"https:\/\/asnyk.edu.pl\/index.php?rest_route=\/wp\/v2\/posts\/17714","targetHints":{"allow":["GET"]}}],"collection":[{"href":"https:\/\/asnyk.edu.pl\/index.php?rest_route=\/wp\/v2\/posts"}],"about":[{"href":"https:\/\/asnyk.edu.pl\/index.php?rest_route=\/wp\/v2\/types\/post"}],"author":[{"embeddable":true,"href":"https:\/\/asnyk.edu.pl\/index.php?rest_route=\/wp\/v2\/users\/5"}],"replies":[{"embeddable":true,"href":"https:\/\/asnyk.edu.pl\/index.php?rest_route=%2Fwp%2Fv2%2Fcomments&post=17714"}],"version-history":[{"count":1,"href":"https:\/\/asnyk.edu.pl\/index.php?rest_route=\/wp\/v2\/posts\/17714\/revisions"}],"predecessor-version":[{"id":17718,"href":"https:\/\/asnyk.edu.pl\/index.php?rest_route=\/wp\/v2\/posts\/17714\/revisions\/17718"}],"wp:attachment":[{"href":"https:\/\/asnyk.edu.pl\/index.php?rest_route=%2Fwp%2Fv2%2Fmedia&parent=17714"}],"wp:term":[{"taxonomy":"category","embeddable":true,"href":"https:\/\/asnyk.edu.pl\/index.php?rest_route=%2Fwp%2Fv2%2Fcategories&post=17714"},{"taxonomy":"post_tag","embeddable":true,"href":"https:\/\/asnyk.edu.pl\/index.php?rest_route=%2Fwp%2Fv2%2Ftags&post=17714"}],"curies":[{"name":"wp","href":"https:\/\/api.w.org\/{rel}","templated":true}]}}