{"id":17675,"date":"2026-03-09T11:28:00","date_gmt":"2026-03-09T11:28:00","guid":{"rendered":"https:\/\/asnyk.edu.pl\/?p=17675"},"modified":"2026-03-09T11:28:02","modified_gmt":"2026-03-09T11:28:02","slug":"ii-etap-ogolnopolskiej-olimpiady-wiedzy-o-biznesie-i-zarzadzaniu-na-uniwersytecie-ekonomicznym-w-katowicach","status":"publish","type":"post","link":"https:\/\/asnyk.edu.pl\/?p=17675","title":{"rendered":"II etap Og\u00f3lnopolskiej Olimpiady Wiedzy o Biznesie i Zarz\u0105dzaniu na Uniwersytecie Ekonomicznym w Katowicach."},"content":{"rendered":"\n<p>W dniu 6 marca 2026 r. odby\u0142 si\u0119 II etap Og\u00f3lnopolskiej Olimpiady Wiedzy o Biznesie i Zarz\u0105dzaniu na Uniwersytecie Ekonomicznym w Katowicach. II Liceum Og\u00f3lnokszta\u0142c\u0105ce im. Adama Asnyka reprezentowali nast\u0119puj\u0105cy uczniowie z klasy 2b:\u00a0\u00a0Maja Skowron, Juliana Sivak, Julian Ha\u0144derek.<\/p>\n<p>Udzia\u0142 w kolejnym etapie zawod\u00f3w by\u0142 dla uczni\u00f3w okazj\u0105 do rozwijania umiej\u0119tno\u015bci analitycznych, poszerzania wiedzy ekonomicznej oraz zdobywania do\u015bwiadcze\u0144 przydatnych w dalszej edukacji i przysz\u0142ej karierze zawodowej. To r\u00f3wnie\u017c szansa na poznanie \u015brodowiska akademickiego i nawi\u0105zanie warto\u015bciowych kontakt\u00f3w.<\/p>\n\n\n\n<div class=\"wp-block-dgwt-justified-gallery\">\n\t\t<style type=\"text\/css\">\n\t\t\t#gallery-1 {\n\t\t\t\tmargin: auto;\n\t\t\t}\n\t\t\t#gallery-1 .gallery-item {\n\t\t\t\tfloat: left;\n\t\t\t\tmargin-top: 10px;\n\t\t\t\ttext-align: center;\n\t\t\t\twidth: 33%;\n\t\t\t}\n\t\t\t#gallery-1 img {\n\t\t\t\tborder: 2px solid #cfcfcf;\n\t\t\t}\n\t\t\t#gallery-1 .gallery-caption {\n\t\t\t\tmargin-left: 0;\n\t\t\t}\n\t\t\t\/* see gallery_shortcode() in wp-includes\/media.php *\/\n\t\t<\/style>\n\t\t<div id='gallery-1' class='gallery galleryid-17675 gallery-columns-3 gallery-size-thumbnail'><dl class='gallery-item'>\n\t\t\t<dt class='gallery-icon portrait'>\n\t\t\t\t<a href='https:\/\/asnyk.edu.pl\/?attachment_id=17679'><img loading=\"lazy\" decoding=\"async\" width=\"154\" height=\"205\" src=\"https:\/\/asnyk.edu.pl\/wp-content\/uploads\/2026\/03\/IMG_4223-154x205.jpeg\" class=\"attachment-thumbnail size-thumbnail\" alt=\"\" srcset=\"https:\/\/asnyk.edu.pl\/wp-content\/uploads\/2026\/03\/IMG_4223-154x205.jpeg 154w, https:\/\/asnyk.edu.pl\/wp-content\/uploads\/2026\/03\/IMG_4223-379x505.jpeg 379w, https:\/\/asnyk.edu.pl\/wp-content\/uploads\/2026\/03\/IMG_4223-900x1200.jpeg 900w, https:\/\/asnyk.edu.pl\/wp-content\/uploads\/2026\/03\/IMG_4223-768x1024.jpeg 768w, https:\/\/asnyk.edu.pl\/wp-content\/uploads\/2026\/03\/IMG_4223-1152x1536.jpeg 1152w, https:\/\/asnyk.edu.pl\/wp-content\/uploads\/2026\/03\/IMG_4223-225x300.jpeg 225w, https:\/\/asnyk.edu.pl\/wp-content\/uploads\/2026\/03\/IMG_4223.jpeg 1500w\" sizes=\"auto, (max-width: 154px) 100vw, 154px\" \/><\/a>\n\t\t\t<\/dt><\/dl><dl class='gallery-item'>\n\t\t\t<dt class='gallery-icon landscape'>\n\t\t\t\t<a href='https:\/\/asnyk.edu.pl\/?attachment_id=17680'><img loading=\"lazy\" decoding=\"async\" width=\"205\" height=\"154\" src=\"https:\/\/asnyk.edu.pl\/wp-content\/uploads\/2026\/03\/IMG_4221-205x154.jpeg\" class=\"attachment-thumbnail size-thumbnail\" alt=\"\" srcset=\"https:\/\/asnyk.edu.pl\/wp-content\/uploads\/2026\/03\/IMG_4221-205x154.jpeg 205w, https:\/\/asnyk.edu.pl\/wp-content\/uploads\/2026\/03\/IMG_4221-505x379.jpeg 505w, https:\/\/asnyk.edu.pl\/wp-content\/uploads\/2026\/03\/IMG_4221-1500x1125.jpeg 1500w, https:\/\/asnyk.edu.pl\/wp-content\/uploads\/2026\/03\/IMG_4221-768x576.jpeg 768w, https:\/\/asnyk.edu.pl\/wp-content\/uploads\/2026\/03\/IMG_4221-1536x1152.jpeg 1536w, https:\/\/asnyk.edu.pl\/wp-content\/uploads\/2026\/03\/IMG_4221-400x300.jpeg 400w, https:\/\/asnyk.edu.pl\/wp-content\/uploads\/2026\/03\/IMG_4221.jpeg 2000w\" sizes=\"auto, (max-width: 205px) 100vw, 205px\" \/><\/a>\n\t\t\t<\/dt><\/dl><dl class='gallery-item'>\n\t\t\t<dt class='gallery-icon portrait'>\n\t\t\t\t<a href='https:\/\/asnyk.edu.pl\/?attachment_id=17676'><img loading=\"lazy\" decoding=\"async\" width=\"154\" height=\"205\" src=\"https:\/\/asnyk.edu.pl\/wp-content\/uploads\/2026\/03\/IMG_4222-154x205.jpeg\" class=\"attachment-thumbnail size-thumbnail\" alt=\"\" srcset=\"https:\/\/asnyk.edu.pl\/wp-content\/uploads\/2026\/03\/IMG_4222-154x205.jpeg 154w, https:\/\/asnyk.edu.pl\/wp-content\/uploads\/2026\/03\/IMG_4222-379x505.jpeg 379w, https:\/\/asnyk.edu.pl\/wp-content\/uploads\/2026\/03\/IMG_4222-900x1200.jpeg 900w, https:\/\/asnyk.edu.pl\/wp-content\/uploads\/2026\/03\/IMG_4222-768x1024.jpeg 768w, https:\/\/asnyk.edu.pl\/wp-content\/uploads\/2026\/03\/IMG_4222-1152x1536.jpeg 1152w, https:\/\/asnyk.edu.pl\/wp-content\/uploads\/2026\/03\/IMG_4222-225x300.jpeg 225w, https:\/\/asnyk.edu.pl\/wp-content\/uploads\/2026\/03\/IMG_4222.jpeg 1500w\" sizes=\"auto, (max-width: 154px) 100vw, 154px\" \/><\/a>\n\t\t\t<\/dt><\/dl><br style=\"clear: both\" \/><dl class='gallery-item'>\n\t\t\t<dt class='gallery-icon landscape'>\n\t\t\t\t<a href='https:\/\/asnyk.edu.pl\/?attachment_id=17681'><img loading=\"lazy\" decoding=\"async\" width=\"205\" height=\"154\" src=\"https:\/\/asnyk.edu.pl\/wp-content\/uploads\/2026\/03\/IMG_4219-205x154.jpeg\" class=\"attachment-thumbnail size-thumbnail\" alt=\"\" srcset=\"https:\/\/asnyk.edu.pl\/wp-content\/uploads\/2026\/03\/IMG_4219-205x154.jpeg 205w, https:\/\/asnyk.edu.pl\/wp-content\/uploads\/2026\/03\/IMG_4219-505x379.jpeg 505w, https:\/\/asnyk.edu.pl\/wp-content\/uploads\/2026\/03\/IMG_4219-1500x1125.jpeg 1500w, https:\/\/asnyk.edu.pl\/wp-content\/uploads\/2026\/03\/IMG_4219-768x576.jpeg 768w, https:\/\/asnyk.edu.pl\/wp-content\/uploads\/2026\/03\/IMG_4219-1536x1152.jpeg 1536w, https:\/\/asnyk.edu.pl\/wp-content\/uploads\/2026\/03\/IMG_4219-400x300.jpeg 400w, https:\/\/asnyk.edu.pl\/wp-content\/uploads\/2026\/03\/IMG_4219.jpeg 2000w\" sizes=\"auto, (max-width: 205px) 100vw, 205px\" \/><\/a>\n\t\t\t<\/dt><\/dl>\n\t\t\t<br style='clear: both' \/>\n\t\t<\/div>\n<\/div>\n\n\n\n\n","protected":false},"excerpt":{"rendered":"<p>W dniu 6 marca 2026 r. odby\u0142 si\u0119 II etap Og\u00f3lnopolskiej Olimpiady Wiedzy o Biznesie i Zarz\u0105dzaniu na Uniwersytecie Ekonomicznym w Katowicach. II Liceum Og\u00f3lnokszta\u0142c\u0105ce im. Adama Asnyka reprezentowali nast\u0119puj\u0105cy uczniowie z klasy 2b:\u00a0\u00a0Maja Skowron, Juliana Sivak, Julian Ha\u0144derek. Udzia\u0142 &hellip; <a href=\"https:\/\/asnyk.edu.pl\/?p=17675\">Czytaj dalej <span class=\"meta-nav\">&rarr;<\/span><\/a><\/p>\n","protected":false},"author":5,"featured_media":0,"comment_status":"closed","ping_status":"closed","sticky":false,"template":"","format":"standard","meta":{"footnotes":"","_links_to":"","_links_to_target":""},"categories":[87],"tags":[],"class_list":["post-17675","post","type-post","status-publish","format-standard","hentry","category-konkursy-2025-26"],"_links":{"self":[{"href":"https:\/\/asnyk.edu.pl\/index.php?rest_route=\/wp\/v2\/posts\/17675","targetHints":{"allow":["GET"]}}],"collection":[{"href":"https:\/\/asnyk.edu.pl\/index.php?rest_route=\/wp\/v2\/posts"}],"about":[{"href":"https:\/\/asnyk.edu.pl\/index.php?rest_route=\/wp\/v2\/types\/post"}],"author":[{"embeddable":true,"href":"https:\/\/asnyk.edu.pl\/index.php?rest_route=\/wp\/v2\/users\/5"}],"replies":[{"embeddable":true,"href":"https:\/\/asnyk.edu.pl\/index.php?rest_route=%2Fwp%2Fv2%2Fcomments&post=17675"}],"version-history":[{"count":1,"href":"https:\/\/asnyk.edu.pl\/index.php?rest_route=\/wp\/v2\/posts\/17675\/revisions"}],"predecessor-version":[{"id":17683,"href":"https:\/\/asnyk.edu.pl\/index.php?rest_route=\/wp\/v2\/posts\/17675\/revisions\/17683"}],"wp:attachment":[{"href":"https:\/\/asnyk.edu.pl\/index.php?rest_route=%2Fwp%2Fv2%2Fmedia&parent=17675"}],"wp:term":[{"taxonomy":"category","embeddable":true,"href":"https:\/\/asnyk.edu.pl\/index.php?rest_route=%2Fwp%2Fv2%2Fcategories&post=17675"},{"taxonomy":"post_tag","embeddable":true,"href":"https:\/\/asnyk.edu.pl\/index.php?rest_route=%2Fwp%2Fv2%2Ftags&post=17675"}],"curies":[{"name":"wp","href":"https:\/\/api.w.org\/{rel}","templated":true}]}}