{"id":17547,"date":"2026-01-26T08:37:00","date_gmt":"2026-01-26T08:37:00","guid":{"rendered":"https:\/\/asnyk.edu.pl\/?p=17547"},"modified":"2026-01-26T08:37:01","modified_gmt":"2026-01-26T08:37:01","slug":"pralnia-pamieci","status":"publish","type":"post","link":"https:\/\/asnyk.edu.pl\/?p=17547","title":{"rendered":"Pralnia pami\u0119ci"},"content":{"rendered":"\n<div dir=\"auto\">W dniu 24 stycznia 2026 r. m\u0142odzie\u017c naszego liceum, a dok\u0142adnie klasa 3a i 3g wzi\u0119\u0142a udzia\u0142 razem z Prezydentem Bielska-Bia\u0142ej Jaros\u0142awem Klimaszewskim udzia\u0142 w niezwyk\u0142ym widowisku przygotowanym przez aktor\u00f3w Teatru Polskiego pt. Pralnia pami\u0119ci.<\/div>\n<div dir=\"auto\">Tw\u00f3rcy tego wydarzenia nazywaj\u0105 je swego rodzaju instalacj\u0105, w kt\u00f3rej przewodnik prowadzi uczestnik\u00f3w w przestrze\u0144 historycznego budynku &#8211; dawnej pralni obozu Auschwitz-Birkenau i krok po kroku odkrywaj\u0105 zapisan\u0105 w jego murach histori\u0119.<\/div>\n<div dir=\"auto\">W tym miejscu prano zar\u00f3wno mundury SS oprawc\u00f3w, jak i wi\u0119zienne pasiaki. By\u0142 to jednocze\u015bnie by\u0142 to punkt styku obozu z \u201ezewn\u0119trznym \u015bwiatem\u201d &#8211; miejsce przekazywania gryps\u00f3w, lekarstw, paczek, a nawet dzie\u0142 sztuki. Bardzo dzi\u0119kujemy za zaproszenie.<\/div>\n<div dir=\"auto\">Wspania\u0142e zdj\u0119cia wi\u0119cej informacji mo\u017cna znale\u017a\u0107<\/div>\n<div dir=\"auto\"><span class=\"html-span xdj266r x14z9mp xat24cr x1lziwak xexx8yu xyri2b x18d9i69 x1c1uobl x1hl2dhg x16tdsg8 x1vvkbs\"><a class=\"x1i10hfl xjbqb8w x1ejq31n x18oe1m7 x1sy0etr xstzfhl x972fbf x10w94by x1qhh985 x14e42zd x9f619 x1ypdohk xt0psk2 x3ct3a4 xdj266r x14z9mp xat24cr x1lziwak xexx8yu xyri2b x18d9i69 x1c1uobl x16tdsg8 x1hl2dhg xggy1nq x1a2a7pz xkrqix3 x1sur9pj x1fey0fg x1s688f\" tabindex=\"0\" role=\"link\" href=\"https:\/\/teatr.bielsko.pl\/spektakl\/pralnia-pamieci?fbclid=IwZXh0bgNhZW0CMTAAYnJpZBEwMXVobmY2MTV2M2ZwbXpjQ3NydGMGYXBwX2lkEDIyMjAzOTE3ODgyMDA4OTIAAR4ydep2ArgLY8Ykz4kSLGdLxIXmkYLYm9LW9cmj307Hk8jBkMixayx-6v2ZBw_aem_0mk7jH6mbVEU9Hvbp3yy2w\" target=\"_blank\" rel=\"nofollow noopener noreferrer\">https:\/\/teatr.bielsko.pl\/spektakl\/pralnia-pamieci<\/a><\/span>\n<div>\n<div id=\"0DE9E47C-871A-4F90-8440-B190C216800A_1\" class=\"mcafee_green\" tabindex=\"0\">\u00a0<\/div>\n<\/div>\n<\/div>\n\n\n\n<div class=\"wp-block-dgwt-justified-gallery\">\n\t\t<style type=\"text\/css\">\n\t\t\t#gallery-1 {\n\t\t\t\tmargin: auto;\n\t\t\t}\n\t\t\t#gallery-1 .gallery-item {\n\t\t\t\tfloat: left;\n\t\t\t\tmargin-top: 10px;\n\t\t\t\ttext-align: center;\n\t\t\t\twidth: 33%;\n\t\t\t}\n\t\t\t#gallery-1 img {\n\t\t\t\tborder: 2px solid #cfcfcf;\n\t\t\t}\n\t\t\t#gallery-1 .gallery-caption {\n\t\t\t\tmargin-left: 0;\n\t\t\t}\n\t\t\t\/* see gallery_shortcode() in wp-includes\/media.php *\/\n\t\t<\/style>\n\t\t<div id='gallery-1' class='gallery galleryid-17547 gallery-columns-3 gallery-size-thumbnail'><dl class='gallery-item'>\n\t\t\t<dt class='gallery-icon landscape'>\n\t\t\t\t<a href='https:\/\/asnyk.edu.pl\/?attachment_id=17555'><img loading=\"lazy\" decoding=\"async\" width=\"205\" height=\"137\" src=\"https:\/\/asnyk.edu.pl\/wp-content\/uploads\/2026\/01\/1-2-205x137.jpg\" class=\"attachment-thumbnail size-thumbnail\" alt=\"\" srcset=\"https:\/\/asnyk.edu.pl\/wp-content\/uploads\/2026\/01\/1-2-205x137.jpg 205w, https:\/\/asnyk.edu.pl\/wp-content\/uploads\/2026\/01\/1-2-505x337.jpg 505w, https:\/\/asnyk.edu.pl\/wp-content\/uploads\/2026\/01\/1-2-1500x1000.jpg 1500w, https:\/\/asnyk.edu.pl\/wp-content\/uploads\/2026\/01\/1-2-768x512.jpg 768w, https:\/\/asnyk.edu.pl\/wp-content\/uploads\/2026\/01\/1-2-1536x1024.jpg 1536w, https:\/\/asnyk.edu.pl\/wp-content\/uploads\/2026\/01\/1-2-450x300.jpg 450w, https:\/\/asnyk.edu.pl\/wp-content\/uploads\/2026\/01\/1-2.jpg 1600w\" sizes=\"auto, (max-width: 205px) 100vw, 205px\" \/><\/a>\n\t\t\t<\/dt><\/dl><dl class='gallery-item'>\n\t\t\t<dt class='gallery-icon landscape'>\n\t\t\t\t<a href='https:\/\/asnyk.edu.pl\/?attachment_id=17550'><img loading=\"lazy\" decoding=\"async\" width=\"205\" height=\"137\" src=\"https:\/\/asnyk.edu.pl\/wp-content\/uploads\/2026\/01\/2-2-205x137.jpg\" class=\"attachment-thumbnail size-thumbnail\" alt=\"\" srcset=\"https:\/\/asnyk.edu.pl\/wp-content\/uploads\/2026\/01\/2-2-205x137.jpg 205w, https:\/\/asnyk.edu.pl\/wp-content\/uploads\/2026\/01\/2-2-505x337.jpg 505w, https:\/\/asnyk.edu.pl\/wp-content\/uploads\/2026\/01\/2-2-1500x1000.jpg 1500w, https:\/\/asnyk.edu.pl\/wp-content\/uploads\/2026\/01\/2-2-768x512.jpg 768w, https:\/\/asnyk.edu.pl\/wp-content\/uploads\/2026\/01\/2-2-1536x1024.jpg 1536w, https:\/\/asnyk.edu.pl\/wp-content\/uploads\/2026\/01\/2-2-450x300.jpg 450w, https:\/\/asnyk.edu.pl\/wp-content\/uploads\/2026\/01\/2-2.jpg 1600w\" sizes=\"auto, (max-width: 205px) 100vw, 205px\" \/><\/a>\n\t\t\t<\/dt><\/dl><dl class='gallery-item'>\n\t\t\t<dt class='gallery-icon landscape'>\n\t\t\t\t<a href='https:\/\/asnyk.edu.pl\/?attachment_id=17549'><img loading=\"lazy\" decoding=\"async\" width=\"205\" height=\"137\" src=\"https:\/\/asnyk.edu.pl\/wp-content\/uploads\/2026\/01\/3-2-205x137.jpg\" class=\"attachment-thumbnail size-thumbnail\" alt=\"\" srcset=\"https:\/\/asnyk.edu.pl\/wp-content\/uploads\/2026\/01\/3-2-205x137.jpg 205w, https:\/\/asnyk.edu.pl\/wp-content\/uploads\/2026\/01\/3-2-505x337.jpg 505w, https:\/\/asnyk.edu.pl\/wp-content\/uploads\/2026\/01\/3-2-1500x1000.jpg 1500w, https:\/\/asnyk.edu.pl\/wp-content\/uploads\/2026\/01\/3-2-768x512.jpg 768w, https:\/\/asnyk.edu.pl\/wp-content\/uploads\/2026\/01\/3-2-1536x1024.jpg 1536w, https:\/\/asnyk.edu.pl\/wp-content\/uploads\/2026\/01\/3-2-450x300.jpg 450w, https:\/\/asnyk.edu.pl\/wp-content\/uploads\/2026\/01\/3-2.jpg 1600w\" sizes=\"auto, (max-width: 205px) 100vw, 205px\" \/><\/a>\n\t\t\t<\/dt><\/dl><br style=\"clear: both\" \/><dl class='gallery-item'>\n\t\t\t<dt class='gallery-icon landscape'>\n\t\t\t\t<a href='https:\/\/asnyk.edu.pl\/?attachment_id=17551'><img loading=\"lazy\" decoding=\"async\" width=\"205\" height=\"137\" src=\"https:\/\/asnyk.edu.pl\/wp-content\/uploads\/2026\/01\/4-2-205x137.jpg\" class=\"attachment-thumbnail size-thumbnail\" alt=\"\" srcset=\"https:\/\/asnyk.edu.pl\/wp-content\/uploads\/2026\/01\/4-2-205x137.jpg 205w, https:\/\/asnyk.edu.pl\/wp-content\/uploads\/2026\/01\/4-2-505x337.jpg 505w, https:\/\/asnyk.edu.pl\/wp-content\/uploads\/2026\/01\/4-2-1500x1000.jpg 1500w, https:\/\/asnyk.edu.pl\/wp-content\/uploads\/2026\/01\/4-2-768x512.jpg 768w, https:\/\/asnyk.edu.pl\/wp-content\/uploads\/2026\/01\/4-2-1536x1024.jpg 1536w, https:\/\/asnyk.edu.pl\/wp-content\/uploads\/2026\/01\/4-2-450x300.jpg 450w, https:\/\/asnyk.edu.pl\/wp-content\/uploads\/2026\/01\/4-2.jpg 1600w\" sizes=\"auto, (max-width: 205px) 100vw, 205px\" \/><\/a>\n\t\t\t<\/dt><\/dl><dl class='gallery-item'>\n\t\t\t<dt class='gallery-icon landscape'>\n\t\t\t\t<a href='https:\/\/asnyk.edu.pl\/?attachment_id=17552'><img loading=\"lazy\" decoding=\"async\" width=\"205\" height=\"137\" src=\"https:\/\/asnyk.edu.pl\/wp-content\/uploads\/2026\/01\/5-1-205x137.jpg\" class=\"attachment-thumbnail size-thumbnail\" alt=\"\" srcset=\"https:\/\/asnyk.edu.pl\/wp-content\/uploads\/2026\/01\/5-1-205x137.jpg 205w, https:\/\/asnyk.edu.pl\/wp-content\/uploads\/2026\/01\/5-1-505x337.jpg 505w, https:\/\/asnyk.edu.pl\/wp-content\/uploads\/2026\/01\/5-1-1500x1000.jpg 1500w, https:\/\/asnyk.edu.pl\/wp-content\/uploads\/2026\/01\/5-1-768x512.jpg 768w, https:\/\/asnyk.edu.pl\/wp-content\/uploads\/2026\/01\/5-1-1536x1024.jpg 1536w, https:\/\/asnyk.edu.pl\/wp-content\/uploads\/2026\/01\/5-1-450x300.jpg 450w, https:\/\/asnyk.edu.pl\/wp-content\/uploads\/2026\/01\/5-1.jpg 1600w\" sizes=\"auto, (max-width: 205px) 100vw, 205px\" \/><\/a>\n\t\t\t<\/dt><\/dl><dl class='gallery-item'>\n\t\t\t<dt class='gallery-icon landscape'>\n\t\t\t\t<a href='https:\/\/asnyk.edu.pl\/?attachment_id=17548'><img loading=\"lazy\" decoding=\"async\" width=\"205\" height=\"137\" src=\"https:\/\/asnyk.edu.pl\/wp-content\/uploads\/2026\/01\/6-1-205x137.jpg\" class=\"attachment-thumbnail size-thumbnail\" alt=\"\" srcset=\"https:\/\/asnyk.edu.pl\/wp-content\/uploads\/2026\/01\/6-1-205x137.jpg 205w, https:\/\/asnyk.edu.pl\/wp-content\/uploads\/2026\/01\/6-1-505x337.jpg 505w, https:\/\/asnyk.edu.pl\/wp-content\/uploads\/2026\/01\/6-1-1500x1000.jpg 1500w, https:\/\/asnyk.edu.pl\/wp-content\/uploads\/2026\/01\/6-1-768x512.jpg 768w, https:\/\/asnyk.edu.pl\/wp-content\/uploads\/2026\/01\/6-1-1536x1024.jpg 1536w, https:\/\/asnyk.edu.pl\/wp-content\/uploads\/2026\/01\/6-1-450x300.jpg 450w, https:\/\/asnyk.edu.pl\/wp-content\/uploads\/2026\/01\/6-1.jpg 1600w\" sizes=\"auto, (max-width: 205px) 100vw, 205px\" \/><\/a>\n\t\t\t<\/dt><\/dl><br style=\"clear: both\" \/><dl class='gallery-item'>\n\t\t\t<dt class='gallery-icon landscape'>\n\t\t\t\t<a href='https:\/\/asnyk.edu.pl\/?attachment_id=17553'><img loading=\"lazy\" decoding=\"async\" width=\"205\" height=\"137\" src=\"https:\/\/asnyk.edu.pl\/wp-content\/uploads\/2026\/01\/7-1-205x137.jpg\" class=\"attachment-thumbnail size-thumbnail\" alt=\"\" srcset=\"https:\/\/asnyk.edu.pl\/wp-content\/uploads\/2026\/01\/7-1-205x137.jpg 205w, https:\/\/asnyk.edu.pl\/wp-content\/uploads\/2026\/01\/7-1-505x337.jpg 505w, https:\/\/asnyk.edu.pl\/wp-content\/uploads\/2026\/01\/7-1-1500x1000.jpg 1500w, https:\/\/asnyk.edu.pl\/wp-content\/uploads\/2026\/01\/7-1-768x512.jpg 768w, https:\/\/asnyk.edu.pl\/wp-content\/uploads\/2026\/01\/7-1-1536x1024.jpg 1536w, https:\/\/asnyk.edu.pl\/wp-content\/uploads\/2026\/01\/7-1-450x300.jpg 450w, https:\/\/asnyk.edu.pl\/wp-content\/uploads\/2026\/01\/7-1.jpg 1600w\" sizes=\"auto, (max-width: 205px) 100vw, 205px\" \/><\/a>\n\t\t\t<\/dt><\/dl><dl class='gallery-item'>\n\t\t\t<dt class='gallery-icon landscape'>\n\t\t\t\t<a href='https:\/\/asnyk.edu.pl\/?attachment_id=17554'><img loading=\"lazy\" decoding=\"async\" width=\"205\" height=\"137\" src=\"https:\/\/asnyk.edu.pl\/wp-content\/uploads\/2026\/01\/8-1-205x137.jpg\" class=\"attachment-thumbnail size-thumbnail\" alt=\"\" srcset=\"https:\/\/asnyk.edu.pl\/wp-content\/uploads\/2026\/01\/8-1-205x137.jpg 205w, https:\/\/asnyk.edu.pl\/wp-content\/uploads\/2026\/01\/8-1-505x337.jpg 505w, https:\/\/asnyk.edu.pl\/wp-content\/uploads\/2026\/01\/8-1-1500x1000.jpg 1500w, https:\/\/asnyk.edu.pl\/wp-content\/uploads\/2026\/01\/8-1-768x512.jpg 768w, https:\/\/asnyk.edu.pl\/wp-content\/uploads\/2026\/01\/8-1-1536x1024.jpg 1536w, https:\/\/asnyk.edu.pl\/wp-content\/uploads\/2026\/01\/8-1-450x300.jpg 450w, https:\/\/asnyk.edu.pl\/wp-content\/uploads\/2026\/01\/8-1.jpg 1600w\" sizes=\"auto, (max-width: 205px) 100vw, 205px\" \/><\/a>\n\t\t\t<\/dt><\/dl>\n\t\t\t<br style='clear: both' \/>\n\t\t<\/div>\n<\/div>\n\n\n\n<p><em>&#8222;Bardzo ciekawa instalacja artystyczna przywracaj\u0105ca pami\u0119\u0107 o wa\u017cnym miejscu zwi\u0105zanego z nie\u0142atw\u0105 histori\u0105 naszego miasta. Warto zobaczy\u0107 to miejsce.&#8221; <span class=\"xt0psk2\"><span class=\"x3nfvp2\"><span class=\"xdmh292 x15dsfln x140p0ai x1gufx9m x1s928wv xhkezso x1gmr53x x1cpjm7i x1fgarty x1943h6x x193iq5w xeuugli x13faqbe x1vvkbs x1lliihq xzsf02u xlh3980 xvmahel x1x9mg3 x1s688f\" dir=\"auto\">Janusz Kaps<\/span><\/span><\/span><\/em><\/p>\n","protected":false},"excerpt":{"rendered":"<p>W dniu 24 stycznia 2026 r. m\u0142odzie\u017c naszego liceum, a dok\u0142adnie klasa 3a i 3g wzi\u0119\u0142a udzia\u0142 razem z Prezydentem Bielska-Bia\u0142ej Jaros\u0142awem Klimaszewskim udzia\u0142 w niezwyk\u0142ym widowisku przygotowanym przez aktor\u00f3w Teatru Polskiego pt. Pralnia pami\u0119ci. Tw\u00f3rcy tego wydarzenia nazywaj\u0105 je &hellip; <a href=\"https:\/\/asnyk.edu.pl\/?p=17547\">Czytaj dalej <span class=\"meta-nav\">&rarr;<\/span><\/a><\/p>\n","protected":false},"author":5,"featured_media":0,"comment_status":"closed","ping_status":"closed","sticky":false,"template":"","format":"standard","meta":{"footnotes":"","_links_to":"","_links_to_target":""},"categories":[82],"tags":[],"class_list":["post-17547","post","type-post","status-publish","format-standard","hentry","category-wydarzenia-2025-26"],"_links":{"self":[{"href":"https:\/\/asnyk.edu.pl\/index.php?rest_route=\/wp\/v2\/posts\/17547","targetHints":{"allow":["GET"]}}],"collection":[{"href":"https:\/\/asnyk.edu.pl\/index.php?rest_route=\/wp\/v2\/posts"}],"about":[{"href":"https:\/\/asnyk.edu.pl\/index.php?rest_route=\/wp\/v2\/types\/post"}],"author":[{"embeddable":true,"href":"https:\/\/asnyk.edu.pl\/index.php?rest_route=\/wp\/v2\/users\/5"}],"replies":[{"embeddable":true,"href":"https:\/\/asnyk.edu.pl\/index.php?rest_route=%2Fwp%2Fv2%2Fcomments&post=17547"}],"version-history":[{"count":1,"href":"https:\/\/asnyk.edu.pl\/index.php?rest_route=\/wp\/v2\/posts\/17547\/revisions"}],"predecessor-version":[{"id":17556,"href":"https:\/\/asnyk.edu.pl\/index.php?rest_route=\/wp\/v2\/posts\/17547\/revisions\/17556"}],"wp:attachment":[{"href":"https:\/\/asnyk.edu.pl\/index.php?rest_route=%2Fwp%2Fv2%2Fmedia&parent=17547"}],"wp:term":[{"taxonomy":"category","embeddable":true,"href":"https:\/\/asnyk.edu.pl\/index.php?rest_route=%2Fwp%2Fv2%2Fcategories&post=17547"},{"taxonomy":"post_tag","embeddable":true,"href":"https:\/\/asnyk.edu.pl\/index.php?rest_route=%2Fwp%2Fv2%2Ftags&post=17547"}],"curies":[{"name":"wp","href":"https:\/\/api.w.org\/{rel}","templated":true}]}}