{"id":17532,"date":"2026-01-20T10:26:22","date_gmt":"2026-01-20T10:26:22","guid":{"rendered":"https:\/\/asnyk.edu.pl\/?p=17532"},"modified":"2026-01-20T10:30:35","modified_gmt":"2026-01-20T10:30:35","slug":"olimpiada-zdrowia-pck-2","status":"publish","type":"post","link":"https:\/\/asnyk.edu.pl\/?p=17532","title":{"rendered":"Olimpiada Zdrowia PCK"},"content":{"rendered":"\n<p>Olimpiada Zdrowia PCK to konkurs, kt\u00f3rego celem jest wykszta\u0142cenie u dzieci i m\u0142odzie\u017cy potrzeby dbania o w\u0142asne zdrowie i \u015brodowisko naturalnego.&nbsp;<\/p>\n<p>Dzi\u0119ki Olimpiadzie m\u0142odzi ludzie mog\u0105 nie tylko wykaza\u0107 si\u0119 wiedz\u0105 na temat szeroko rozumianego zdrowego stylu \u017cycia, ale tak\u017ce wprowadza\u0107 modelowe dzia\u0142ania w swojej lokalnej spo\u0142eczno\u015bci. Dodatkowo wykszta\u0142camy w uczestnikach umiej\u0119tno\u015b\u0107 mobilizacji lokalnych \u015brodowisk na rzecz wa\u017cnych spo\u0142ecznie cel\u00f3w. Za\u0142o\u017cenia Olimpiady wpisuj\u0105 si\u0119 w cel nr 3 Agendy ONZ 2030 \u2013 \u201eDobre zdrowie, jako\u015b\u0107 \u017cycia\u201d.&nbsp;<\/p>\n<p><br>W dniu 14.01.2025 w oddziale rejonowym PCK w Bielsku-Bia\u0142ej odby\u0142 si\u0119 etap rejonowy 33 Olimpiady Zdrowia PCK. Nasza uczennica z klasy 3f Magdalena Kaczmarczyk zaj\u0119\u0142a II miejsce. Gratulujemy i \u017cyczymy dalszych sukces\u00f3w.<\/p>\n\n\n\n<div class=\"wp-block-dgwt-justified-gallery\">\n\t\t<style type=\"text\/css\">\n\t\t\t#gallery-1 {\n\t\t\t\tmargin: auto;\n\t\t\t}\n\t\t\t#gallery-1 .gallery-item {\n\t\t\t\tfloat: left;\n\t\t\t\tmargin-top: 10px;\n\t\t\t\ttext-align: center;\n\t\t\t\twidth: 33%;\n\t\t\t}\n\t\t\t#gallery-1 img {\n\t\t\t\tborder: 2px solid #cfcfcf;\n\t\t\t}\n\t\t\t#gallery-1 .gallery-caption {\n\t\t\t\tmargin-left: 0;\n\t\t\t}\n\t\t\t\/* see gallery_shortcode() in wp-includes\/media.php *\/\n\t\t<\/style>\n\t\t<div id='gallery-1' class='gallery galleryid-17532 gallery-columns-3 gallery-size-thumbnail'><dl class='gallery-item'>\n\t\t\t<dt class='gallery-icon portrait'>\n\t\t\t\t<a href='https:\/\/asnyk.edu.pl\/?attachment_id=17534'><img loading=\"lazy\" decoding=\"async\" width=\"154\" height=\"205\" src=\"https:\/\/asnyk.edu.pl\/wp-content\/uploads\/2026\/01\/IMG_7611-154x205.jpeg\" class=\"attachment-thumbnail size-thumbnail\" alt=\"\" srcset=\"https:\/\/asnyk.edu.pl\/wp-content\/uploads\/2026\/01\/IMG_7611-154x205.jpeg 154w, https:\/\/asnyk.edu.pl\/wp-content\/uploads\/2026\/01\/IMG_7611-379x505.jpeg 379w, https:\/\/asnyk.edu.pl\/wp-content\/uploads\/2026\/01\/IMG_7611-900x1200.jpeg 900w, https:\/\/asnyk.edu.pl\/wp-content\/uploads\/2026\/01\/IMG_7611-768x1024.jpeg 768w, https:\/\/asnyk.edu.pl\/wp-content\/uploads\/2026\/01\/IMG_7611-1152x1536.jpeg 1152w, https:\/\/asnyk.edu.pl\/wp-content\/uploads\/2026\/01\/IMG_7611-225x300.jpeg 225w, https:\/\/asnyk.edu.pl\/wp-content\/uploads\/2026\/01\/IMG_7611.jpeg 1500w\" sizes=\"auto, (max-width: 154px) 100vw, 154px\" \/><\/a>\n\t\t\t<\/dt><\/dl><dl class='gallery-item'>\n\t\t\t<dt class='gallery-icon portrait'>\n\t\t\t\t<a href='https:\/\/asnyk.edu.pl\/?attachment_id=17536'><img loading=\"lazy\" decoding=\"async\" width=\"95\" height=\"205\" src=\"https:\/\/asnyk.edu.pl\/wp-content\/uploads\/2026\/01\/IMG_7601-95x205.png\" class=\"attachment-thumbnail size-thumbnail\" alt=\"\" srcset=\"https:\/\/asnyk.edu.pl\/wp-content\/uploads\/2026\/01\/IMG_7601-95x205.png 95w, https:\/\/asnyk.edu.pl\/wp-content\/uploads\/2026\/01\/IMG_7601-233x505.png 233w, https:\/\/asnyk.edu.pl\/wp-content\/uploads\/2026\/01\/IMG_7601.png 461w\" sizes=\"auto, (max-width: 95px) 100vw, 95px\" \/><\/a>\n\t\t\t<\/dt><\/dl>\n\t\t\t<br style='clear: both' \/>\n\t\t<\/div>\n<\/div>\n\n\n\n\n\n\n","protected":false},"excerpt":{"rendered":"<p>Olimpiada Zdrowia PCK to konkurs, kt\u00f3rego celem jest wykszta\u0142cenie u dzieci i m\u0142odzie\u017cy potrzeby dbania o w\u0142asne zdrowie i \u015brodowisko naturalnego.&nbsp; Dzi\u0119ki Olimpiadzie m\u0142odzi ludzie mog\u0105 nie tylko wykaza\u0107 si\u0119 wiedz\u0105 na temat szeroko rozumianego zdrowego stylu \u017cycia, ale tak\u017ce &hellip; <a href=\"https:\/\/asnyk.edu.pl\/?p=17532\">Czytaj dalej <span class=\"meta-nav\">&rarr;<\/span><\/a><\/p>\n","protected":false},"author":5,"featured_media":0,"comment_status":"closed","ping_status":"closed","sticky":false,"template":"","format":"standard","meta":{"footnotes":"","_links_to":"","_links_to_target":""},"categories":[87,1],"tags":[],"class_list":["post-17532","post","type-post","status-publish","format-standard","hentry","category-konkursy-2025-26","category-uncategorized"],"_links":{"self":[{"href":"https:\/\/asnyk.edu.pl\/index.php?rest_route=\/wp\/v2\/posts\/17532","targetHints":{"allow":["GET"]}}],"collection":[{"href":"https:\/\/asnyk.edu.pl\/index.php?rest_route=\/wp\/v2\/posts"}],"about":[{"href":"https:\/\/asnyk.edu.pl\/index.php?rest_route=\/wp\/v2\/types\/post"}],"author":[{"embeddable":true,"href":"https:\/\/asnyk.edu.pl\/index.php?rest_route=\/wp\/v2\/users\/5"}],"replies":[{"embeddable":true,"href":"https:\/\/asnyk.edu.pl\/index.php?rest_route=%2Fwp%2Fv2%2Fcomments&post=17532"}],"version-history":[{"count":2,"href":"https:\/\/asnyk.edu.pl\/index.php?rest_route=\/wp\/v2\/posts\/17532\/revisions"}],"predecessor-version":[{"id":17537,"href":"https:\/\/asnyk.edu.pl\/index.php?rest_route=\/wp\/v2\/posts\/17532\/revisions\/17537"}],"wp:attachment":[{"href":"https:\/\/asnyk.edu.pl\/index.php?rest_route=%2Fwp%2Fv2%2Fmedia&parent=17532"}],"wp:term":[{"taxonomy":"category","embeddable":true,"href":"https:\/\/asnyk.edu.pl\/index.php?rest_route=%2Fwp%2Fv2%2Fcategories&post=17532"},{"taxonomy":"post_tag","embeddable":true,"href":"https:\/\/asnyk.edu.pl\/index.php?rest_route=%2Fwp%2Fv2%2Ftags&post=17532"}],"curies":[{"name":"wp","href":"https:\/\/api.w.org\/{rel}","templated":true}]}}