{"id":17293,"date":"2025-12-01T10:00:24","date_gmt":"2025-12-01T10:00:24","guid":{"rendered":"https:\/\/asnyk.edu.pl\/?p=17293"},"modified":"2025-12-05T10:03:37","modified_gmt":"2025-12-05T10:03:37","slug":"uczniowie-pytaja-4","status":"publish","type":"post","link":"https:\/\/asnyk.edu.pl\/?p=17293","title":{"rendered":"Uczniowie pytaj\u0105"},"content":{"rendered":"\n<p>1 grudnia zacz\u0119li\u015bmy wywiadem z Panem dr Wojciechem Dutk\u0105 nauczycielem naszego liceum i pisarzem zarazem, kt\u00f3ry opowiedzia\u0142 nam o tym jak pisze si\u0119 ksi\u0105\u017cki i z jakimi problemami borykaj\u0105 si\u0119 obecnie pisarze w Polsce.<\/p>\n\n\n<div class=\"wp-block-image\">\n<figure class=\"aligncenter size-medium\"><img loading=\"lazy\" decoding=\"async\" width=\"380\" height=\"505\" src=\"https:\/\/asnyk.edu.pl\/wp-content\/uploads\/2025\/12\/2-2-380x505.jpg\" alt=\"\" class=\"wp-image-17294\" srcset=\"https:\/\/asnyk.edu.pl\/wp-content\/uploads\/2025\/12\/2-2-380x505.jpg 380w, https:\/\/asnyk.edu.pl\/wp-content\/uploads\/2025\/12\/2-2-904x1200.jpg 904w, https:\/\/asnyk.edu.pl\/wp-content\/uploads\/2025\/12\/2-2-154x205.jpg 154w, https:\/\/asnyk.edu.pl\/wp-content\/uploads\/2025\/12\/2-2-768x1020.jpg 768w, https:\/\/asnyk.edu.pl\/wp-content\/uploads\/2025\/12\/2-2-1157x1536.jpg 1157w, https:\/\/asnyk.edu.pl\/wp-content\/uploads\/2025\/12\/2-2-226x300.jpg 226w, https:\/\/asnyk.edu.pl\/wp-content\/uploads\/2025\/12\/2-2.jpg 1542w\" sizes=\"auto, (max-width: 380px) 100vw, 380px\" \/><\/figure>\n<\/div>\n\n\n<p>Nast\u0119pnie mieli\u015bmy ogromn\u0105 przyjemno\u015b\u0107 go\u015bci\u0107 u siebie Pana Bartosza Bartyzela -rzecznika Prasowego i kierownika Biura Prasowego Pa\u0144stwowego Muzeum Auschwitz -Birkenau, kt\u00f3ry pokaza\u0142 nam jak takie miejsce pami\u0119ci radzi sobie z przyk\u0142adami dezinformacji historycznej i manipulacji medialnej.<\/p>\n\n\n\n<div class=\"wp-block-dgwt-justified-gallery\">\n\t\t<style type=\"text\/css\">\n\t\t\t#gallery-1 {\n\t\t\t\tmargin: auto;\n\t\t\t}\n\t\t\t#gallery-1 .gallery-item {\n\t\t\t\tfloat: left;\n\t\t\t\tmargin-top: 10px;\n\t\t\t\ttext-align: center;\n\t\t\t\twidth: 33%;\n\t\t\t}\n\t\t\t#gallery-1 img {\n\t\t\t\tborder: 2px solid #cfcfcf;\n\t\t\t}\n\t\t\t#gallery-1 .gallery-caption {\n\t\t\t\tmargin-left: 0;\n\t\t\t}\n\t\t\t\/* see gallery_shortcode() in wp-includes\/media.php *\/\n\t\t<\/style>\n\t\t<div id='gallery-1' class='gallery galleryid-17293 gallery-columns-3 gallery-size-thumbnail'><dl class='gallery-item'>\n\t\t\t<dt class='gallery-icon landscape'>\n\t\t\t\t<a href='https:\/\/asnyk.edu.pl\/?attachment_id=17297'><img loading=\"lazy\" decoding=\"async\" width=\"205\" height=\"154\" src=\"https:\/\/asnyk.edu.pl\/wp-content\/uploads\/2025\/12\/1-2-205x154.jpg\" class=\"attachment-thumbnail size-thumbnail\" alt=\"\" srcset=\"https:\/\/asnyk.edu.pl\/wp-content\/uploads\/2025\/12\/1-2-205x154.jpg 205w, https:\/\/asnyk.edu.pl\/wp-content\/uploads\/2025\/12\/1-2-505x380.jpg 505w, https:\/\/asnyk.edu.pl\/wp-content\/uploads\/2025\/12\/1-2-1500x1129.jpg 1500w, https:\/\/asnyk.edu.pl\/wp-content\/uploads\/2025\/12\/1-2-768x578.jpg 768w, https:\/\/asnyk.edu.pl\/wp-content\/uploads\/2025\/12\/1-2-1536x1157.jpg 1536w, https:\/\/asnyk.edu.pl\/wp-content\/uploads\/2025\/12\/1-2-398x300.jpg 398w, https:\/\/asnyk.edu.pl\/wp-content\/uploads\/2025\/12\/1-2.jpg 2048w\" sizes=\"auto, (max-width: 205px) 100vw, 205px\" \/><\/a>\n\t\t\t<\/dt><\/dl><dl class='gallery-item'>\n\t\t\t<dt class='gallery-icon portrait'>\n\t\t\t\t<a href='https:\/\/asnyk.edu.pl\/?attachment_id=17298'><img loading=\"lazy\" decoding=\"async\" width=\"154\" height=\"205\" src=\"https:\/\/asnyk.edu.pl\/wp-content\/uploads\/2025\/12\/2-3-154x205.jpg\" class=\"attachment-thumbnail size-thumbnail\" alt=\"\" srcset=\"https:\/\/asnyk.edu.pl\/wp-content\/uploads\/2025\/12\/2-3-154x205.jpg 154w, https:\/\/asnyk.edu.pl\/wp-content\/uploads\/2025\/12\/2-3-380x505.jpg 380w, https:\/\/asnyk.edu.pl\/wp-content\/uploads\/2025\/12\/2-3-904x1200.jpg 904w, https:\/\/asnyk.edu.pl\/wp-content\/uploads\/2025\/12\/2-3-768x1020.jpg 768w, https:\/\/asnyk.edu.pl\/wp-content\/uploads\/2025\/12\/2-3-1157x1536.jpg 1157w, https:\/\/asnyk.edu.pl\/wp-content\/uploads\/2025\/12\/2-3-226x300.jpg 226w, https:\/\/asnyk.edu.pl\/wp-content\/uploads\/2025\/12\/2-3.jpg 1542w\" sizes=\"auto, (max-width: 154px) 100vw, 154px\" \/><\/a>\n\t\t\t<\/dt><\/dl><dl class='gallery-item'>\n\t\t\t<dt class='gallery-icon portrait'>\n\t\t\t\t<a href='https:\/\/asnyk.edu.pl\/?attachment_id=17299'><img loading=\"lazy\" decoding=\"async\" width=\"154\" height=\"205\" src=\"https:\/\/asnyk.edu.pl\/wp-content\/uploads\/2025\/12\/3-2-154x205.jpg\" class=\"attachment-thumbnail size-thumbnail\" alt=\"\" srcset=\"https:\/\/asnyk.edu.pl\/wp-content\/uploads\/2025\/12\/3-2-154x205.jpg 154w, https:\/\/asnyk.edu.pl\/wp-content\/uploads\/2025\/12\/3-2-380x505.jpg 380w, https:\/\/asnyk.edu.pl\/wp-content\/uploads\/2025\/12\/3-2-904x1200.jpg 904w, https:\/\/asnyk.edu.pl\/wp-content\/uploads\/2025\/12\/3-2-768x1020.jpg 768w, https:\/\/asnyk.edu.pl\/wp-content\/uploads\/2025\/12\/3-2-1157x1536.jpg 1157w, https:\/\/asnyk.edu.pl\/wp-content\/uploads\/2025\/12\/3-2-226x300.jpg 226w, https:\/\/asnyk.edu.pl\/wp-content\/uploads\/2025\/12\/3-2.jpg 1542w\" sizes=\"auto, (max-width: 154px) 100vw, 154px\" \/><\/a>\n\t\t\t<\/dt><\/dl><br style=\"clear: both\" \/><dl class='gallery-item'>\n\t\t\t<dt class='gallery-icon portrait'>\n\t\t\t\t<a href='https:\/\/asnyk.edu.pl\/?attachment_id=17300'><img loading=\"lazy\" decoding=\"async\" width=\"154\" height=\"205\" src=\"https:\/\/asnyk.edu.pl\/wp-content\/uploads\/2025\/12\/4-1-154x205.jpg\" class=\"attachment-thumbnail size-thumbnail\" alt=\"\" srcset=\"https:\/\/asnyk.edu.pl\/wp-content\/uploads\/2025\/12\/4-1-154x205.jpg 154w, https:\/\/asnyk.edu.pl\/wp-content\/uploads\/2025\/12\/4-1-380x505.jpg 380w, https:\/\/asnyk.edu.pl\/wp-content\/uploads\/2025\/12\/4-1-904x1200.jpg 904w, https:\/\/asnyk.edu.pl\/wp-content\/uploads\/2025\/12\/4-1-768x1020.jpg 768w, https:\/\/asnyk.edu.pl\/wp-content\/uploads\/2025\/12\/4-1-1157x1536.jpg 1157w, https:\/\/asnyk.edu.pl\/wp-content\/uploads\/2025\/12\/4-1-226x300.jpg 226w, https:\/\/asnyk.edu.pl\/wp-content\/uploads\/2025\/12\/4-1.jpg 1542w\" sizes=\"auto, (max-width: 154px) 100vw, 154px\" \/><\/a>\n\t\t\t<\/dt><\/dl>\n\t\t\t<br style='clear: both' \/>\n\t\t<\/div>\n<\/div>\n","protected":false},"excerpt":{"rendered":"<p>1 grudnia zacz\u0119li\u015bmy wywiadem z Panem dr Wojciechem Dutk\u0105 nauczycielem naszego liceum i pisarzem zarazem, kt\u00f3ry opowiedzia\u0142 nam o tym jak pisze si\u0119 ksi\u0105\u017cki i z jakimi problemami borykaj\u0105 si\u0119 obecnie pisarze w Polsce. Nast\u0119pnie mieli\u015bmy ogromn\u0105 przyjemno\u015b\u0107 go\u015bci\u0107 u &hellip; <a href=\"https:\/\/asnyk.edu.pl\/?p=17293\">Czytaj dalej <span class=\"meta-nav\">&rarr;<\/span><\/a><\/p>\n","protected":false},"author":5,"featured_media":0,"comment_status":"closed","ping_status":"closed","sticky":false,"template":"","format":"standard","meta":{"footnotes":"","_links_to":"","_links_to_target":""},"categories":[90],"tags":[],"class_list":["post-17293","post","type-post","status-publish","format-standard","hentry","category-uczniowie-asnyka-pytaja-2025-26"],"_links":{"self":[{"href":"https:\/\/asnyk.edu.pl\/index.php?rest_route=\/wp\/v2\/posts\/17293","targetHints":{"allow":["GET"]}}],"collection":[{"href":"https:\/\/asnyk.edu.pl\/index.php?rest_route=\/wp\/v2\/posts"}],"about":[{"href":"https:\/\/asnyk.edu.pl\/index.php?rest_route=\/wp\/v2\/types\/post"}],"author":[{"embeddable":true,"href":"https:\/\/asnyk.edu.pl\/index.php?rest_route=\/wp\/v2\/users\/5"}],"replies":[{"embeddable":true,"href":"https:\/\/asnyk.edu.pl\/index.php?rest_route=%2Fwp%2Fv2%2Fcomments&post=17293"}],"version-history":[{"count":2,"href":"https:\/\/asnyk.edu.pl\/index.php?rest_route=\/wp\/v2\/posts\/17293\/revisions"}],"predecessor-version":[{"id":17301,"href":"https:\/\/asnyk.edu.pl\/index.php?rest_route=\/wp\/v2\/posts\/17293\/revisions\/17301"}],"wp:attachment":[{"href":"https:\/\/asnyk.edu.pl\/index.php?rest_route=%2Fwp%2Fv2%2Fmedia&parent=17293"}],"wp:term":[{"taxonomy":"category","embeddable":true,"href":"https:\/\/asnyk.edu.pl\/index.php?rest_route=%2Fwp%2Fv2%2Fcategories&post=17293"},{"taxonomy":"post_tag","embeddable":true,"href":"https:\/\/asnyk.edu.pl\/index.php?rest_route=%2Fwp%2Fv2%2Ftags&post=17293"}],"curies":[{"name":"wp","href":"https:\/\/api.w.org\/{rel}","templated":true}]}}