{"id":17263,"date":"2025-12-04T11:45:36","date_gmt":"2025-12-04T11:45:36","guid":{"rendered":"https:\/\/asnyk.edu.pl\/?p=17263"},"modified":"2025-12-04T11:45:36","modified_gmt":"2025-12-04T11:45:36","slug":"zajecia-praktyczne","status":"publish","type":"post","link":"https:\/\/asnyk.edu.pl\/?p=17263","title":{"rendered":"Zaj\u0119cia praktyczne"},"content":{"rendered":"\n<p>W dniu 26 listopada 2025r. uczniowie klasy 2b uczestniczyli w zaj\u0119ciach praktycznych przeprowadzonych przez UBB, Wydzia\u0142 Zdrowia Ratownictwa Medycznego. Tematem zaj\u0119\u0107 by\u0142o udzielanie pierwszej pomocy w nag\u0142ych sytuacjach oraz badanie poszkodowanego pod k\u0105tem uraz\u00f3w<\/p>\n\n\n\n<div class=\"wp-block-dgwt-justified-gallery\">\n\t\t<style type=\"text\/css\">\n\t\t\t#gallery-1 {\n\t\t\t\tmargin: auto;\n\t\t\t}\n\t\t\t#gallery-1 .gallery-item {\n\t\t\t\tfloat: left;\n\t\t\t\tmargin-top: 10px;\n\t\t\t\ttext-align: center;\n\t\t\t\twidth: 33%;\n\t\t\t}\n\t\t\t#gallery-1 img {\n\t\t\t\tborder: 2px solid #cfcfcf;\n\t\t\t}\n\t\t\t#gallery-1 .gallery-caption {\n\t\t\t\tmargin-left: 0;\n\t\t\t}\n\t\t\t\/* see gallery_shortcode() in wp-includes\/media.php *\/\n\t\t<\/style>\n\t\t<div id='gallery-1' class='gallery galleryid-17263 gallery-columns-3 gallery-size-thumbnail'><dl class='gallery-item'>\n\t\t\t<dt class='gallery-icon landscape'>\n\t\t\t\t<a href='https:\/\/asnyk.edu.pl\/?attachment_id=17264'><img loading=\"lazy\" decoding=\"async\" width=\"205\" height=\"154\" src=\"https:\/\/asnyk.edu.pl\/wp-content\/uploads\/2025\/12\/20251126-102746-1-205x154.jpg\" class=\"attachment-thumbnail size-thumbnail\" alt=\"\" srcset=\"https:\/\/asnyk.edu.pl\/wp-content\/uploads\/2025\/12\/20251126-102746-1-205x154.jpg 205w, https:\/\/asnyk.edu.pl\/wp-content\/uploads\/2025\/12\/20251126-102746-1-505x379.jpg 505w, https:\/\/asnyk.edu.pl\/wp-content\/uploads\/2025\/12\/20251126-102746-1-1500x1125.jpg 1500w, https:\/\/asnyk.edu.pl\/wp-content\/uploads\/2025\/12\/20251126-102746-1-768x576.jpg 768w, https:\/\/asnyk.edu.pl\/wp-content\/uploads\/2025\/12\/20251126-102746-1-1536x1152.jpg 1536w, https:\/\/asnyk.edu.pl\/wp-content\/uploads\/2025\/12\/20251126-102746-1-400x300.jpg 400w, https:\/\/asnyk.edu.pl\/wp-content\/uploads\/2025\/12\/20251126-102746-1.jpg 2000w\" sizes=\"auto, (max-width: 205px) 100vw, 205px\" \/><\/a>\n\t\t\t<\/dt><\/dl><dl class='gallery-item'>\n\t\t\t<dt class='gallery-icon portrait'>\n\t\t\t\t<a href='https:\/\/asnyk.edu.pl\/?attachment_id=17265'><img loading=\"lazy\" decoding=\"async\" width=\"154\" height=\"205\" src=\"https:\/\/asnyk.edu.pl\/wp-content\/uploads\/2025\/12\/20251126-102723-1-154x205.jpg\" class=\"attachment-thumbnail size-thumbnail\" alt=\"\" srcset=\"https:\/\/asnyk.edu.pl\/wp-content\/uploads\/2025\/12\/20251126-102723-1-154x205.jpg 154w, https:\/\/asnyk.edu.pl\/wp-content\/uploads\/2025\/12\/20251126-102723-1-379x505.jpg 379w, https:\/\/asnyk.edu.pl\/wp-content\/uploads\/2025\/12\/20251126-102723-1-900x1200.jpg 900w, https:\/\/asnyk.edu.pl\/wp-content\/uploads\/2025\/12\/20251126-102723-1-768x1024.jpg 768w, https:\/\/asnyk.edu.pl\/wp-content\/uploads\/2025\/12\/20251126-102723-1-1152x1536.jpg 1152w, https:\/\/asnyk.edu.pl\/wp-content\/uploads\/2025\/12\/20251126-102723-1-225x300.jpg 225w, https:\/\/asnyk.edu.pl\/wp-content\/uploads\/2025\/12\/20251126-102723-1.jpg 1500w\" sizes=\"auto, (max-width: 154px) 100vw, 154px\" \/><\/a>\n\t\t\t<\/dt><\/dl><dl class='gallery-item'>\n\t\t\t<dt class='gallery-icon landscape'>\n\t\t\t\t<a href='https:\/\/asnyk.edu.pl\/?attachment_id=17266'><img loading=\"lazy\" decoding=\"async\" width=\"205\" height=\"154\" src=\"https:\/\/asnyk.edu.pl\/wp-content\/uploads\/2025\/12\/20251126-083544-1-205x154.jpg\" class=\"attachment-thumbnail size-thumbnail\" alt=\"\" srcset=\"https:\/\/asnyk.edu.pl\/wp-content\/uploads\/2025\/12\/20251126-083544-1-205x154.jpg 205w, https:\/\/asnyk.edu.pl\/wp-content\/uploads\/2025\/12\/20251126-083544-1-505x379.jpg 505w, https:\/\/asnyk.edu.pl\/wp-content\/uploads\/2025\/12\/20251126-083544-1-1500x1125.jpg 1500w, https:\/\/asnyk.edu.pl\/wp-content\/uploads\/2025\/12\/20251126-083544-1-768x576.jpg 768w, https:\/\/asnyk.edu.pl\/wp-content\/uploads\/2025\/12\/20251126-083544-1-1536x1152.jpg 1536w, https:\/\/asnyk.edu.pl\/wp-content\/uploads\/2025\/12\/20251126-083544-1-400x300.jpg 400w, https:\/\/asnyk.edu.pl\/wp-content\/uploads\/2025\/12\/20251126-083544-1.jpg 2000w\" sizes=\"auto, (max-width: 205px) 100vw, 205px\" \/><\/a>\n\t\t\t<\/dt><\/dl><br style=\"clear: both\" \/><dl class='gallery-item'>\n\t\t\t<dt class='gallery-icon landscape'>\n\t\t\t\t<a href='https:\/\/asnyk.edu.pl\/?attachment_id=17267'><img loading=\"lazy\" decoding=\"async\" width=\"205\" height=\"154\" src=\"https:\/\/asnyk.edu.pl\/wp-content\/uploads\/2025\/12\/20251126-083331-1-205x154.jpg\" class=\"attachment-thumbnail size-thumbnail\" alt=\"\" srcset=\"https:\/\/asnyk.edu.pl\/wp-content\/uploads\/2025\/12\/20251126-083331-1-205x154.jpg 205w, https:\/\/asnyk.edu.pl\/wp-content\/uploads\/2025\/12\/20251126-083331-1-505x379.jpg 505w, https:\/\/asnyk.edu.pl\/wp-content\/uploads\/2025\/12\/20251126-083331-1-1500x1125.jpg 1500w, https:\/\/asnyk.edu.pl\/wp-content\/uploads\/2025\/12\/20251126-083331-1-768x576.jpg 768w, https:\/\/asnyk.edu.pl\/wp-content\/uploads\/2025\/12\/20251126-083331-1-1536x1152.jpg 1536w, https:\/\/asnyk.edu.pl\/wp-content\/uploads\/2025\/12\/20251126-083331-1-400x300.jpg 400w, https:\/\/asnyk.edu.pl\/wp-content\/uploads\/2025\/12\/20251126-083331-1.jpg 2000w\" sizes=\"auto, (max-width: 205px) 100vw, 205px\" \/><\/a>\n\t\t\t<\/dt><\/dl>\n\t\t\t<br style='clear: both' \/>\n\t\t<\/div>\n<\/div>\n","protected":false},"excerpt":{"rendered":"<p>W dniu 26 listopada 2025r. uczniowie klasy 2b uczestniczyli w zaj\u0119ciach praktycznych przeprowadzonych przez UBB, Wydzia\u0142 Zdrowia Ratownictwa Medycznego. Tematem zaj\u0119\u0107 by\u0142o udzielanie pierwszej pomocy w nag\u0142ych sytuacjach oraz badanie poszkodowanego pod k\u0105tem uraz\u00f3w<\/p>\n","protected":false},"author":5,"featured_media":0,"comment_status":"closed","ping_status":"closed","sticky":false,"template":"","format":"standard","meta":{"footnotes":"","_links_to":"","_links_to_target":""},"categories":[91,38],"tags":[],"class_list":["post-17263","post","type-post","status-publish","format-standard","hentry","category-ratownictwo-medyczne-2025-26","category-ratownictwo-z-ath"],"_links":{"self":[{"href":"https:\/\/asnyk.edu.pl\/index.php?rest_route=\/wp\/v2\/posts\/17263","targetHints":{"allow":["GET"]}}],"collection":[{"href":"https:\/\/asnyk.edu.pl\/index.php?rest_route=\/wp\/v2\/posts"}],"about":[{"href":"https:\/\/asnyk.edu.pl\/index.php?rest_route=\/wp\/v2\/types\/post"}],"author":[{"embeddable":true,"href":"https:\/\/asnyk.edu.pl\/index.php?rest_route=\/wp\/v2\/users\/5"}],"replies":[{"embeddable":true,"href":"https:\/\/asnyk.edu.pl\/index.php?rest_route=%2Fwp%2Fv2%2Fcomments&post=17263"}],"version-history":[{"count":1,"href":"https:\/\/asnyk.edu.pl\/index.php?rest_route=\/wp\/v2\/posts\/17263\/revisions"}],"predecessor-version":[{"id":17268,"href":"https:\/\/asnyk.edu.pl\/index.php?rest_route=\/wp\/v2\/posts\/17263\/revisions\/17268"}],"wp:attachment":[{"href":"https:\/\/asnyk.edu.pl\/index.php?rest_route=%2Fwp%2Fv2%2Fmedia&parent=17263"}],"wp:term":[{"taxonomy":"category","embeddable":true,"href":"https:\/\/asnyk.edu.pl\/index.php?rest_route=%2Fwp%2Fv2%2Fcategories&post=17263"},{"taxonomy":"post_tag","embeddable":true,"href":"https:\/\/asnyk.edu.pl\/index.php?rest_route=%2Fwp%2Fv2%2Ftags&post=17263"}],"curies":[{"name":"wp","href":"https:\/\/api.w.org\/{rel}","templated":true}]}}