{"id":17259,"date":"2025-12-04T11:37:07","date_gmt":"2025-12-04T11:37:07","guid":{"rendered":"https:\/\/asnyk.edu.pl\/?p=17259"},"modified":"2025-12-04T11:37:24","modified_gmt":"2025-12-04T11:37:24","slug":"odznaki-jakosci-za-projekt-on-pyramid-of-civilization","status":"publish","type":"post","link":"https:\/\/asnyk.edu.pl\/?p=17259","title":{"rendered":"Odznaki Jako\u015bci\u00a0za projekt\u00a0\u201eON Pyramid of Civilization\u201d."},"content":{"rendered":"\n<p>Z przyjemno\u015bci\u0105 informujemy, \u017ce\u00a0<strong>II Liceum Og\u00f3lnokszta\u0142c\u0105ce im. Adama Asnyka w Bielsku\u2011Bia\u0142ej<\/strong>\u00a0otrzyma\u0142o\u00a0<strong>Europejsk\u0105 Odznak\u0119 Jako\u015bci<\/strong>\u00a0oraz\u00a0<strong>Krajow\u0105 Odznak\u0119 Jako\u015bci<\/strong>\u00a0za projekt\u00a0<strong>\u201eON Pyramid of Civilization\u201d<\/strong>.<\/p>\n<p>W projekcie uczestniczy\u0142y szko\u0142y partnerskie z\u00a0<strong>Turcji, W\u0142och, Rumunii, Chorwacji i Grecji<\/strong>, kt\u00f3re wsp\u00f3lnie z nami realizowa\u0142y zaplanowane dzia\u0142ania.<\/p>\n<p>Uczniowie naszej szko\u0142y aktywnie anga\u017cowali si\u0119 w projekt, pracuj\u0105c systematycznie i z du\u017cym zaanga\u017cowaniem. Otrzymane odznaki potwierdzaj\u0105 wysok\u0105 jako\u015b\u0107 wykonanych dzia\u0142a\u0144 oraz pozytywn\u0105 ocen\u0119 projektu na poziomie krajowym i europejskim.<\/p>\n<p>Dzi\u0119kujemy wszystkim uczniom i nauczycielom za udzia\u0142 w projekcie oraz wk\u0142ad w jego realizacj\u0119.<\/p>\n\n\n<div class=\"wp-block-image\">\n<figure class=\"aligncenter size-medium\"><img loading=\"lazy\" decoding=\"async\" width=\"505\" height=\"305\" src=\"https:\/\/asnyk.edu.pl\/wp-content\/uploads\/2025\/12\/1-505x305.png\" alt=\"\" class=\"wp-image-17260\" srcset=\"https:\/\/asnyk.edu.pl\/wp-content\/uploads\/2025\/12\/1-505x305.png 505w, https:\/\/asnyk.edu.pl\/wp-content\/uploads\/2025\/12\/1-205x124.png 205w, https:\/\/asnyk.edu.pl\/wp-content\/uploads\/2025\/12\/1-768x464.png 768w, https:\/\/asnyk.edu.pl\/wp-content\/uploads\/2025\/12\/1-497x300.png 497w, https:\/\/asnyk.edu.pl\/wp-content\/uploads\/2025\/12\/1.png 1052w\" sizes=\"auto, (max-width: 505px) 100vw, 505px\" \/><\/figure>\n<\/div>\n\n\n\n<div class=\"wp-block-image\">\n<figure class=\"aligncenter size-medium\"><img loading=\"lazy\" decoding=\"async\" width=\"505\" height=\"291\" src=\"https:\/\/asnyk.edu.pl\/wp-content\/uploads\/2025\/12\/2-505x291.png\" alt=\"\" class=\"wp-image-17261\" srcset=\"https:\/\/asnyk.edu.pl\/wp-content\/uploads\/2025\/12\/2-505x291.png 505w, https:\/\/asnyk.edu.pl\/wp-content\/uploads\/2025\/12\/2-205x118.png 205w, https:\/\/asnyk.edu.pl\/wp-content\/uploads\/2025\/12\/2-768x443.png 768w, https:\/\/asnyk.edu.pl\/wp-content\/uploads\/2025\/12\/2-500x288.png 500w, https:\/\/asnyk.edu.pl\/wp-content\/uploads\/2025\/12\/2.png 1101w\" sizes=\"auto, (max-width: 505px) 100vw, 505px\" \/><\/figure>\n<\/div>","protected":false},"excerpt":{"rendered":"<p>Z przyjemno\u015bci\u0105 informujemy, \u017ce\u00a0II Liceum Og\u00f3lnokszta\u0142c\u0105ce im. Adama Asnyka w Bielsku\u2011Bia\u0142ej\u00a0otrzyma\u0142o\u00a0Europejsk\u0105 Odznak\u0119 Jako\u015bci\u00a0oraz\u00a0Krajow\u0105 Odznak\u0119 Jako\u015bci\u00a0za projekt\u00a0\u201eON Pyramid of Civilization\u201d. W projekcie uczestniczy\u0142y szko\u0142y partnerskie z\u00a0Turcji, W\u0142och, Rumunii, Chorwacji i Grecji, kt\u00f3re wsp\u00f3lnie z nami realizowa\u0142y zaplanowane dzia\u0142ania. Uczniowie naszej szko\u0142y &hellip; <a href=\"https:\/\/asnyk.edu.pl\/?p=17259\">Czytaj dalej <span class=\"meta-nav\">&rarr;<\/span><\/a><\/p>\n","protected":false},"author":5,"featured_media":0,"comment_status":"closed","ping_status":"closed","sticky":false,"template":"","format":"standard","meta":{"footnotes":"","_links_to":"","_links_to_target":""},"categories":[70,1],"tags":[],"class_list":["post-17259","post","type-post","status-publish","format-standard","hentry","category-etwinning-2024-25","category-uncategorized"],"_links":{"self":[{"href":"https:\/\/asnyk.edu.pl\/index.php?rest_route=\/wp\/v2\/posts\/17259","targetHints":{"allow":["GET"]}}],"collection":[{"href":"https:\/\/asnyk.edu.pl\/index.php?rest_route=\/wp\/v2\/posts"}],"about":[{"href":"https:\/\/asnyk.edu.pl\/index.php?rest_route=\/wp\/v2\/types\/post"}],"author":[{"embeddable":true,"href":"https:\/\/asnyk.edu.pl\/index.php?rest_route=\/wp\/v2\/users\/5"}],"replies":[{"embeddable":true,"href":"https:\/\/asnyk.edu.pl\/index.php?rest_route=%2Fwp%2Fv2%2Fcomments&post=17259"}],"version-history":[{"count":1,"href":"https:\/\/asnyk.edu.pl\/index.php?rest_route=\/wp\/v2\/posts\/17259\/revisions"}],"predecessor-version":[{"id":17262,"href":"https:\/\/asnyk.edu.pl\/index.php?rest_route=\/wp\/v2\/posts\/17259\/revisions\/17262"}],"wp:attachment":[{"href":"https:\/\/asnyk.edu.pl\/index.php?rest_route=%2Fwp%2Fv2%2Fmedia&parent=17259"}],"wp:term":[{"taxonomy":"category","embeddable":true,"href":"https:\/\/asnyk.edu.pl\/index.php?rest_route=%2Fwp%2Fv2%2Fcategories&post=17259"},{"taxonomy":"post_tag","embeddable":true,"href":"https:\/\/asnyk.edu.pl\/index.php?rest_route=%2Fwp%2Fv2%2Ftags&post=17259"}],"curies":[{"name":"wp","href":"https:\/\/api.w.org\/{rel}","templated":true}]}}