{"id":16200,"date":"2025-05-12T17:16:48","date_gmt":"2025-05-12T17:16:48","guid":{"rendered":"https:\/\/asnyk.edu.pl\/?p=16200"},"modified":"2025-05-12T17:16:48","modified_gmt":"2025-05-12T17:16:48","slug":"podsumowanie-konkursu-szanuj-energie-chron-klimat","status":"publish","type":"post","link":"https:\/\/asnyk.edu.pl\/?p=16200","title":{"rendered":"Podsumowanie konkursu \u201eSzanuj energi\u0119, chro\u0144 klimat\u201d."},"content":{"rendered":"\n<div dir=\"auto\">Z dum\u0105 informujemy, \u017ce nasza uczennica, Zuzanna Ga\u0144czarczyk z klasy 3c, zdoby\u0142a zaszczytne II miejsce za indywidualn\u0105 prac\u0119 pt. \u201eEnergetyczne kamyczki\u201d. Serdecznie gratulujemy Zuzi tego wspania\u0142ego osi\u0105gni\u0119cia! <span class=\"html-span xexx8yu x4uap5 x18d9i69 xkhd6sd x1hl2dhg x16tdsg8 x1vvkbs x3nfvp2 x1j61x8r x1fcty0u xdj266r xat24cr xgzva0m xhhsvwb xxymvpz xlup9mm x1kky2od\"><img loading=\"lazy\" decoding=\"async\" class=\"xz74otr x168nmei x13lgxp2 x5pf9jr xo71vjh\" src=\"https:\/\/static.xx.fbcdn.net\/images\/emoji.php\/v9\/tbe\/1\/16\/1f3c6.png\" alt=\"\ud83c\udfc6\" width=\"16\" height=\"16\" \/><\/span><\/div>\n<div dir=\"auto\">R\u00f3wnie\u017c jako szko\u0142a mo\u017cemy pochwali\u0107 si\u0119 du\u017cym sukcesem \u2014 zaj\u0119li\u015bmy II miejsce za raport z dzia\u0142a\u0144 ekologicznych, prowadzonych w naszej plac\u00f3wce pod has\u0142em \u201eRecyklingowe \u015brody\u201d. Tradycyjnie ju\u017c otrzymali\u015bmy certyfikat oraz statuetk\u0119 Szko\u0142y z Dobr\u0105 Energi\u0105<span class=\"html-span xexx8yu x4uap5 x18d9i69 xkhd6sd x1hl2dhg x16tdsg8 x1vvkbs x3nfvp2 x1j61x8r x1fcty0u xdj266r xat24cr xgzva0m xhhsvwb xxymvpz xlup9mm x1kky2od\"><img loading=\"lazy\" decoding=\"async\" class=\"xz74otr x168nmei x13lgxp2 x5pf9jr xo71vjh\" src=\"https:\/\/static.xx.fbcdn.net\/images\/emoji.php\/v9\/tbe\/1\/16\/1f3c6.png\" alt=\"\ud83c\udfc6\" width=\"16\" height=\"16\" \/><\/span><\/div>\n<div dir=\"auto\">\u00a0<\/div>\n<div dir=\"auto\">Gratulujemy Wszystkim zaanga\u017cowanym i dzi\u0119kujemy za wsp\u00f3lne dzia\u0142ania na rzecz ochrony klimatu i \u015brodowiska!<span class=\"html-span xexx8yu x4uap5 x18d9i69 xkhd6sd x1hl2dhg x16tdsg8 x1vvkbs x3nfvp2 x1j61x8r x1fcty0u xdj266r xat24cr xgzva0m xhhsvwb xxymvpz xlup9mm x1kky2od\"><img loading=\"lazy\" decoding=\"async\" class=\"xz74otr x168nmei x13lgxp2 x5pf9jr xo71vjh\" src=\"https:\/\/static.xx.fbcdn.net\/images\/emoji.php\/v9\/tf8\/1\/16\/267b.png\" alt=\"\u267b\ufe0f\" width=\"16\" height=\"16\" \/><\/span><\/div>\n\n\n\n<div class=\"wp-block-dgwt-justified-gallery\">\n\t\t<style type=\"text\/css\">\n\t\t\t#gallery-1 {\n\t\t\t\tmargin: auto;\n\t\t\t}\n\t\t\t#gallery-1 .gallery-item {\n\t\t\t\tfloat: left;\n\t\t\t\tmargin-top: 10px;\n\t\t\t\ttext-align: center;\n\t\t\t\twidth: 33%;\n\t\t\t}\n\t\t\t#gallery-1 img {\n\t\t\t\tborder: 2px solid #cfcfcf;\n\t\t\t}\n\t\t\t#gallery-1 .gallery-caption {\n\t\t\t\tmargin-left: 0;\n\t\t\t}\n\t\t\t\/* see gallery_shortcode() in wp-includes\/media.php *\/\n\t\t<\/style>\n\t\t<div id='gallery-1' class='gallery galleryid-16200 gallery-columns-3 gallery-size-thumbnail'><dl class='gallery-item'>\n\t\t\t<dt class='gallery-icon landscape'>\n\t\t\t\t<a href='https:\/\/asnyk.edu.pl\/?attachment_id=16201'><img loading=\"lazy\" decoding=\"async\" width=\"205\" height=\"154\" src=\"https:\/\/asnyk.edu.pl\/wp-content\/uploads\/2025\/05\/5-205x154.jpg\" class=\"attachment-thumbnail size-thumbnail\" alt=\"\" srcset=\"https:\/\/asnyk.edu.pl\/wp-content\/uploads\/2025\/05\/5-205x154.jpg 205w, https:\/\/asnyk.edu.pl\/wp-content\/uploads\/2025\/05\/5-505x379.jpg 505w, https:\/\/asnyk.edu.pl\/wp-content\/uploads\/2025\/05\/5-1500x1125.jpg 1500w, https:\/\/asnyk.edu.pl\/wp-content\/uploads\/2025\/05\/5-768x576.jpg 768w, https:\/\/asnyk.edu.pl\/wp-content\/uploads\/2025\/05\/5-1536x1152.jpg 1536w, https:\/\/asnyk.edu.pl\/wp-content\/uploads\/2025\/05\/5-400x300.jpg 400w, https:\/\/asnyk.edu.pl\/wp-content\/uploads\/2025\/05\/5.jpg 2048w\" sizes=\"auto, (max-width: 205px) 100vw, 205px\" \/><\/a>\n\t\t\t<\/dt><\/dl><dl class='gallery-item'>\n\t\t\t<dt class='gallery-icon landscape'>\n\t\t\t\t<a href='https:\/\/asnyk.edu.pl\/?attachment_id=16202'><img loading=\"lazy\" decoding=\"async\" width=\"205\" height=\"154\" src=\"https:\/\/asnyk.edu.pl\/wp-content\/uploads\/2025\/05\/4-205x154.jpg\" class=\"attachment-thumbnail size-thumbnail\" alt=\"\" srcset=\"https:\/\/asnyk.edu.pl\/wp-content\/uploads\/2025\/05\/4-205x154.jpg 205w, https:\/\/asnyk.edu.pl\/wp-content\/uploads\/2025\/05\/4-505x379.jpg 505w, https:\/\/asnyk.edu.pl\/wp-content\/uploads\/2025\/05\/4-1500x1125.jpg 1500w, https:\/\/asnyk.edu.pl\/wp-content\/uploads\/2025\/05\/4-768x576.jpg 768w, https:\/\/asnyk.edu.pl\/wp-content\/uploads\/2025\/05\/4-1536x1152.jpg 1536w, https:\/\/asnyk.edu.pl\/wp-content\/uploads\/2025\/05\/4-400x300.jpg 400w, https:\/\/asnyk.edu.pl\/wp-content\/uploads\/2025\/05\/4.jpg 2048w\" sizes=\"auto, (max-width: 205px) 100vw, 205px\" \/><\/a>\n\t\t\t<\/dt><\/dl><dl class='gallery-item'>\n\t\t\t<dt class='gallery-icon portrait'>\n\t\t\t\t<a href='https:\/\/asnyk.edu.pl\/?attachment_id=16203'><img loading=\"lazy\" decoding=\"async\" width=\"150\" height=\"205\" src=\"https:\/\/asnyk.edu.pl\/wp-content\/uploads\/2025\/05\/3-150x205.jpg\" class=\"attachment-thumbnail size-thumbnail\" alt=\"\" srcset=\"https:\/\/asnyk.edu.pl\/wp-content\/uploads\/2025\/05\/3-150x205.jpg 150w, https:\/\/asnyk.edu.pl\/wp-content\/uploads\/2025\/05\/3-371x505.jpg 371w, https:\/\/asnyk.edu.pl\/wp-content\/uploads\/2025\/05\/3-881x1200.jpg 881w, https:\/\/asnyk.edu.pl\/wp-content\/uploads\/2025\/05\/3-768x1046.jpg 768w, https:\/\/asnyk.edu.pl\/wp-content\/uploads\/2025\/05\/3-1127x1536.jpg 1127w, https:\/\/asnyk.edu.pl\/wp-content\/uploads\/2025\/05\/3-220x300.jpg 220w, https:\/\/asnyk.edu.pl\/wp-content\/uploads\/2025\/05\/3.jpg 1503w\" sizes=\"auto, (max-width: 150px) 100vw, 150px\" \/><\/a>\n\t\t\t<\/dt><\/dl><br style=\"clear: both\" \/><dl class='gallery-item'>\n\t\t\t<dt class='gallery-icon portrait'>\n\t\t\t\t<a href='https:\/\/asnyk.edu.pl\/?attachment_id=16204'><img loading=\"lazy\" decoding=\"async\" width=\"154\" height=\"205\" src=\"https:\/\/asnyk.edu.pl\/wp-content\/uploads\/2025\/05\/2-154x205.jpg\" class=\"attachment-thumbnail size-thumbnail\" alt=\"\" srcset=\"https:\/\/asnyk.edu.pl\/wp-content\/uploads\/2025\/05\/2-154x205.jpg 154w, https:\/\/asnyk.edu.pl\/wp-content\/uploads\/2025\/05\/2-379x505.jpg 379w, https:\/\/asnyk.edu.pl\/wp-content\/uploads\/2025\/05\/2-900x1200.jpg 900w, https:\/\/asnyk.edu.pl\/wp-content\/uploads\/2025\/05\/2-768x1024.jpg 768w, https:\/\/asnyk.edu.pl\/wp-content\/uploads\/2025\/05\/2-1152x1536.jpg 1152w, https:\/\/asnyk.edu.pl\/wp-content\/uploads\/2025\/05\/2-225x300.jpg 225w, https:\/\/asnyk.edu.pl\/wp-content\/uploads\/2025\/05\/2.jpg 1536w\" sizes=\"auto, (max-width: 154px) 100vw, 154px\" \/><\/a>\n\t\t\t<\/dt><\/dl><dl class='gallery-item'>\n\t\t\t<dt class='gallery-icon portrait'>\n\t\t\t\t<a href='https:\/\/asnyk.edu.pl\/?attachment_id=16205'><img loading=\"lazy\" decoding=\"async\" width=\"154\" height=\"205\" src=\"https:\/\/asnyk.edu.pl\/wp-content\/uploads\/2025\/05\/1-154x205.jpg\" class=\"attachment-thumbnail size-thumbnail\" alt=\"\" srcset=\"https:\/\/asnyk.edu.pl\/wp-content\/uploads\/2025\/05\/1-154x205.jpg 154w, https:\/\/asnyk.edu.pl\/wp-content\/uploads\/2025\/05\/1-379x505.jpg 379w, https:\/\/asnyk.edu.pl\/wp-content\/uploads\/2025\/05\/1-900x1200.jpg 900w, https:\/\/asnyk.edu.pl\/wp-content\/uploads\/2025\/05\/1-768x1024.jpg 768w, https:\/\/asnyk.edu.pl\/wp-content\/uploads\/2025\/05\/1-1152x1536.jpg 1152w, https:\/\/asnyk.edu.pl\/wp-content\/uploads\/2025\/05\/1-225x300.jpg 225w, https:\/\/asnyk.edu.pl\/wp-content\/uploads\/2025\/05\/1.jpg 1536w\" sizes=\"auto, (max-width: 154px) 100vw, 154px\" \/><\/a>\n\t\t\t<\/dt><\/dl>\n\t\t\t<br style='clear: both' \/>\n\t\t<\/div>\n<\/div>\n\n\n","protected":false},"excerpt":{"rendered":"<p>Z dum\u0105 informujemy, \u017ce nasza uczennica, Zuzanna Ga\u0144czarczyk z klasy 3c, zdoby\u0142a zaszczytne II miejsce za indywidualn\u0105 prac\u0119 pt. \u201eEnergetyczne kamyczki\u201d. Serdecznie gratulujemy Zuzi tego wspania\u0142ego osi\u0105gni\u0119cia! R\u00f3wnie\u017c jako szko\u0142a mo\u017cemy pochwali\u0107 si\u0119 du\u017cym sukcesem \u2014 zaj\u0119li\u015bmy II miejsce za &hellip; <a href=\"https:\/\/asnyk.edu.pl\/?p=16200\">Czytaj dalej <span class=\"meta-nav\">&rarr;<\/span><\/a><\/p>\n","protected":false},"author":5,"featured_media":0,"comment_status":"closed","ping_status":"closed","sticky":false,"template":"","format":"standard","meta":{"footnotes":"","_links_to":"","_links_to_target":""},"categories":[65],"tags":[],"class_list":["post-16200","post","type-post","status-publish","format-standard","hentry","category-konkursy-2024-25"],"_links":{"self":[{"href":"https:\/\/asnyk.edu.pl\/index.php?rest_route=\/wp\/v2\/posts\/16200","targetHints":{"allow":["GET"]}}],"collection":[{"href":"https:\/\/asnyk.edu.pl\/index.php?rest_route=\/wp\/v2\/posts"}],"about":[{"href":"https:\/\/asnyk.edu.pl\/index.php?rest_route=\/wp\/v2\/types\/post"}],"author":[{"embeddable":true,"href":"https:\/\/asnyk.edu.pl\/index.php?rest_route=\/wp\/v2\/users\/5"}],"replies":[{"embeddable":true,"href":"https:\/\/asnyk.edu.pl\/index.php?rest_route=%2Fwp%2Fv2%2Fcomments&post=16200"}],"version-history":[{"count":1,"href":"https:\/\/asnyk.edu.pl\/index.php?rest_route=\/wp\/v2\/posts\/16200\/revisions"}],"predecessor-version":[{"id":16206,"href":"https:\/\/asnyk.edu.pl\/index.php?rest_route=\/wp\/v2\/posts\/16200\/revisions\/16206"}],"wp:attachment":[{"href":"https:\/\/asnyk.edu.pl\/index.php?rest_route=%2Fwp%2Fv2%2Fmedia&parent=16200"}],"wp:term":[{"taxonomy":"category","embeddable":true,"href":"https:\/\/asnyk.edu.pl\/index.php?rest_route=%2Fwp%2Fv2%2Fcategories&post=16200"},{"taxonomy":"post_tag","embeddable":true,"href":"https:\/\/asnyk.edu.pl\/index.php?rest_route=%2Fwp%2Fv2%2Ftags&post=16200"}],"curies":[{"name":"wp","href":"https:\/\/api.w.org\/{rel}","templated":true}]}}