{"id":16162,"date":"2025-05-05T07:16:56","date_gmt":"2025-05-05T07:16:56","guid":{"rendered":"https:\/\/asnyk.edu.pl\/?p=16162"},"modified":"2025-05-05T07:16:57","modified_gmt":"2025-05-05T07:16:57","slug":"obchody-3-maja-2","status":"publish","type":"post","link":"https:\/\/asnyk.edu.pl\/?p=16162","title":{"rendered":"Obchody 3-maja"},"content":{"rendered":"\n<p>Uroczyst\u0105 msz\u0105 \u015bwi\u0119t\u0105 w Ko\u015bciele Opatrzno\u015bci Bo\u017cej rozpocz\u0119\u0142y si\u0119 tegoroczne, miejskie obchody 234. rocznicy uchwalenia Konstytucji 3 Maja. Nasz\u0105 szko\u0142\u0119 reprezentowali uczniowie klasy 1c, kt\u00f3rzy byli pod opiek\u0105 p. Joanny Majcherczyk oraz p. Roberta Michalskiego.<\/p>\n\n\n\n<div class=\"wp-block-dgwt-justified-gallery\">\n\t\t<style type=\"text\/css\">\n\t\t\t#gallery-1 {\n\t\t\t\tmargin: auto;\n\t\t\t}\n\t\t\t#gallery-1 .gallery-item {\n\t\t\t\tfloat: left;\n\t\t\t\tmargin-top: 10px;\n\t\t\t\ttext-align: center;\n\t\t\t\twidth: 33%;\n\t\t\t}\n\t\t\t#gallery-1 img {\n\t\t\t\tborder: 2px solid #cfcfcf;\n\t\t\t}\n\t\t\t#gallery-1 .gallery-caption {\n\t\t\t\tmargin-left: 0;\n\t\t\t}\n\t\t\t\/* see gallery_shortcode() in wp-includes\/media.php *\/\n\t\t<\/style>\n\t\t<div id='gallery-1' class='gallery galleryid-16162 gallery-columns-3 gallery-size-thumbnail'><dl class='gallery-item'>\n\t\t\t<dt class='gallery-icon portrait'>\n\t\t\t\t<a href='https:\/\/asnyk.edu.pl\/?attachment_id=16163'><img loading=\"lazy\" decoding=\"async\" width=\"154\" height=\"205\" src=\"https:\/\/asnyk.edu.pl\/wp-content\/uploads\/2025\/05\/IMG_3441-154x205.jpeg\" class=\"attachment-thumbnail size-thumbnail\" alt=\"\" srcset=\"https:\/\/asnyk.edu.pl\/wp-content\/uploads\/2025\/05\/IMG_3441-154x205.jpeg 154w, https:\/\/asnyk.edu.pl\/wp-content\/uploads\/2025\/05\/IMG_3441-379x505.jpeg 379w, https:\/\/asnyk.edu.pl\/wp-content\/uploads\/2025\/05\/IMG_3441-900x1200.jpeg 900w, https:\/\/asnyk.edu.pl\/wp-content\/uploads\/2025\/05\/IMG_3441-768x1024.jpeg 768w, https:\/\/asnyk.edu.pl\/wp-content\/uploads\/2025\/05\/IMG_3441-1152x1536.jpeg 1152w, https:\/\/asnyk.edu.pl\/wp-content\/uploads\/2025\/05\/IMG_3441-225x300.jpeg 225w, https:\/\/asnyk.edu.pl\/wp-content\/uploads\/2025\/05\/IMG_3441.jpeg 1500w\" sizes=\"auto, (max-width: 154px) 100vw, 154px\" \/><\/a>\n\t\t\t<\/dt><\/dl><dl class='gallery-item'>\n\t\t\t<dt class='gallery-icon portrait'>\n\t\t\t\t<a href='https:\/\/asnyk.edu.pl\/?attachment_id=16164'><img loading=\"lazy\" decoding=\"async\" width=\"154\" height=\"205\" src=\"https:\/\/asnyk.edu.pl\/wp-content\/uploads\/2025\/05\/IMG_3439-154x205.jpeg\" class=\"attachment-thumbnail size-thumbnail\" alt=\"\" srcset=\"https:\/\/asnyk.edu.pl\/wp-content\/uploads\/2025\/05\/IMG_3439-154x205.jpeg 154w, https:\/\/asnyk.edu.pl\/wp-content\/uploads\/2025\/05\/IMG_3439-379x505.jpeg 379w, https:\/\/asnyk.edu.pl\/wp-content\/uploads\/2025\/05\/IMG_3439-900x1200.jpeg 900w, https:\/\/asnyk.edu.pl\/wp-content\/uploads\/2025\/05\/IMG_3439-768x1024.jpeg 768w, https:\/\/asnyk.edu.pl\/wp-content\/uploads\/2025\/05\/IMG_3439-1152x1536.jpeg 1152w, https:\/\/asnyk.edu.pl\/wp-content\/uploads\/2025\/05\/IMG_3439-225x300.jpeg 225w, https:\/\/asnyk.edu.pl\/wp-content\/uploads\/2025\/05\/IMG_3439.jpeg 1500w\" sizes=\"auto, (max-width: 154px) 100vw, 154px\" \/><\/a>\n\t\t\t<\/dt><\/dl><dl class='gallery-item'>\n\t\t\t<dt class='gallery-icon portrait'>\n\t\t\t\t<a href='https:\/\/asnyk.edu.pl\/?attachment_id=16165'><img loading=\"lazy\" decoding=\"async\" width=\"154\" height=\"205\" src=\"https:\/\/asnyk.edu.pl\/wp-content\/uploads\/2025\/05\/IMG_3440-154x205.jpeg\" class=\"attachment-thumbnail size-thumbnail\" alt=\"\" srcset=\"https:\/\/asnyk.edu.pl\/wp-content\/uploads\/2025\/05\/IMG_3440-154x205.jpeg 154w, https:\/\/asnyk.edu.pl\/wp-content\/uploads\/2025\/05\/IMG_3440-379x505.jpeg 379w, https:\/\/asnyk.edu.pl\/wp-content\/uploads\/2025\/05\/IMG_3440-900x1200.jpeg 900w, https:\/\/asnyk.edu.pl\/wp-content\/uploads\/2025\/05\/IMG_3440-768x1024.jpeg 768w, https:\/\/asnyk.edu.pl\/wp-content\/uploads\/2025\/05\/IMG_3440-1152x1536.jpeg 1152w, https:\/\/asnyk.edu.pl\/wp-content\/uploads\/2025\/05\/IMG_3440-225x300.jpeg 225w, https:\/\/asnyk.edu.pl\/wp-content\/uploads\/2025\/05\/IMG_3440.jpeg 1500w\" sizes=\"auto, (max-width: 154px) 100vw, 154px\" \/><\/a>\n\t\t\t<\/dt><\/dl><br style=\"clear: both\" \/><dl class='gallery-item'>\n\t\t\t<dt class='gallery-icon portrait'>\n\t\t\t\t<a href='https:\/\/asnyk.edu.pl\/?attachment_id=16166'><img loading=\"lazy\" decoding=\"async\" width=\"154\" height=\"205\" src=\"https:\/\/asnyk.edu.pl\/wp-content\/uploads\/2025\/05\/IMG_3438-154x205.jpeg\" class=\"attachment-thumbnail size-thumbnail\" alt=\"\" srcset=\"https:\/\/asnyk.edu.pl\/wp-content\/uploads\/2025\/05\/IMG_3438-154x205.jpeg 154w, https:\/\/asnyk.edu.pl\/wp-content\/uploads\/2025\/05\/IMG_3438-379x505.jpeg 379w, https:\/\/asnyk.edu.pl\/wp-content\/uploads\/2025\/05\/IMG_3438-900x1200.jpeg 900w, https:\/\/asnyk.edu.pl\/wp-content\/uploads\/2025\/05\/IMG_3438-768x1024.jpeg 768w, https:\/\/asnyk.edu.pl\/wp-content\/uploads\/2025\/05\/IMG_3438-1152x1536.jpeg 1152w, https:\/\/asnyk.edu.pl\/wp-content\/uploads\/2025\/05\/IMG_3438-225x300.jpeg 225w, https:\/\/asnyk.edu.pl\/wp-content\/uploads\/2025\/05\/IMG_3438.jpeg 1500w\" sizes=\"auto, (max-width: 154px) 100vw, 154px\" \/><\/a>\n\t\t\t<\/dt><\/dl><dl class='gallery-item'>\n\t\t\t<dt class='gallery-icon portrait'>\n\t\t\t\t<a href='https:\/\/asnyk.edu.pl\/?attachment_id=16167'><img loading=\"lazy\" decoding=\"async\" width=\"154\" height=\"205\" src=\"https:\/\/asnyk.edu.pl\/wp-content\/uploads\/2025\/05\/IMG_3437-154x205.jpeg\" class=\"attachment-thumbnail size-thumbnail\" alt=\"\" srcset=\"https:\/\/asnyk.edu.pl\/wp-content\/uploads\/2025\/05\/IMG_3437-154x205.jpeg 154w, https:\/\/asnyk.edu.pl\/wp-content\/uploads\/2025\/05\/IMG_3437-379x505.jpeg 379w, https:\/\/asnyk.edu.pl\/wp-content\/uploads\/2025\/05\/IMG_3437-900x1200.jpeg 900w, https:\/\/asnyk.edu.pl\/wp-content\/uploads\/2025\/05\/IMG_3437-768x1024.jpeg 768w, https:\/\/asnyk.edu.pl\/wp-content\/uploads\/2025\/05\/IMG_3437-1152x1536.jpeg 1152w, https:\/\/asnyk.edu.pl\/wp-content\/uploads\/2025\/05\/IMG_3437-225x300.jpeg 225w, https:\/\/asnyk.edu.pl\/wp-content\/uploads\/2025\/05\/IMG_3437.jpeg 1500w\" sizes=\"auto, (max-width: 154px) 100vw, 154px\" \/><\/a>\n\t\t\t<\/dt><\/dl><dl class='gallery-item'>\n\t\t\t<dt class='gallery-icon portrait'>\n\t\t\t\t<a href='https:\/\/asnyk.edu.pl\/?attachment_id=16168'><img loading=\"lazy\" decoding=\"async\" width=\"154\" height=\"205\" src=\"https:\/\/asnyk.edu.pl\/wp-content\/uploads\/2025\/05\/IMG_3436-154x205.jpeg\" class=\"attachment-thumbnail size-thumbnail\" alt=\"\" srcset=\"https:\/\/asnyk.edu.pl\/wp-content\/uploads\/2025\/05\/IMG_3436-154x205.jpeg 154w, https:\/\/asnyk.edu.pl\/wp-content\/uploads\/2025\/05\/IMG_3436-379x505.jpeg 379w, https:\/\/asnyk.edu.pl\/wp-content\/uploads\/2025\/05\/IMG_3436-900x1200.jpeg 900w, https:\/\/asnyk.edu.pl\/wp-content\/uploads\/2025\/05\/IMG_3436-768x1024.jpeg 768w, https:\/\/asnyk.edu.pl\/wp-content\/uploads\/2025\/05\/IMG_3436-1152x1536.jpeg 1152w, https:\/\/asnyk.edu.pl\/wp-content\/uploads\/2025\/05\/IMG_3436-225x300.jpeg 225w, https:\/\/asnyk.edu.pl\/wp-content\/uploads\/2025\/05\/IMG_3436.jpeg 1500w\" sizes=\"auto, (max-width: 154px) 100vw, 154px\" \/><\/a>\n\t\t\t<\/dt><\/dl><br style=\"clear: both\" \/><dl class='gallery-item'>\n\t\t\t<dt class='gallery-icon portrait'>\n\t\t\t\t<a href='https:\/\/asnyk.edu.pl\/?attachment_id=16169'><img loading=\"lazy\" decoding=\"async\" width=\"154\" height=\"205\" src=\"https:\/\/asnyk.edu.pl\/wp-content\/uploads\/2025\/05\/IMG_3435-154x205.jpeg\" class=\"attachment-thumbnail size-thumbnail\" alt=\"\" srcset=\"https:\/\/asnyk.edu.pl\/wp-content\/uploads\/2025\/05\/IMG_3435-154x205.jpeg 154w, https:\/\/asnyk.edu.pl\/wp-content\/uploads\/2025\/05\/IMG_3435-379x505.jpeg 379w, https:\/\/asnyk.edu.pl\/wp-content\/uploads\/2025\/05\/IMG_3435-900x1200.jpeg 900w, https:\/\/asnyk.edu.pl\/wp-content\/uploads\/2025\/05\/IMG_3435-768x1024.jpeg 768w, https:\/\/asnyk.edu.pl\/wp-content\/uploads\/2025\/05\/IMG_3435-1152x1536.jpeg 1152w, https:\/\/asnyk.edu.pl\/wp-content\/uploads\/2025\/05\/IMG_3435-225x300.jpeg 225w, https:\/\/asnyk.edu.pl\/wp-content\/uploads\/2025\/05\/IMG_3435.jpeg 1500w\" sizes=\"auto, (max-width: 154px) 100vw, 154px\" \/><\/a>\n\t\t\t<\/dt><\/dl>\n\t\t\t<br style='clear: both' \/>\n\t\t<\/div>\n<\/div>\n","protected":false},"excerpt":{"rendered":"<p>Uroczyst\u0105 msz\u0105 \u015bwi\u0119t\u0105 w Ko\u015bciele Opatrzno\u015bci Bo\u017cej rozpocz\u0119\u0142y si\u0119 tegoroczne, miejskie obchody 234. rocznicy uchwalenia Konstytucji 3 Maja. Nasz\u0105 szko\u0142\u0119 reprezentowali uczniowie klasy 1c, kt\u00f3rzy byli pod opiek\u0105 p. Joanny Majcherczyk oraz p. Roberta Michalskiego.<\/p>\n","protected":false},"author":5,"featured_media":0,"comment_status":"closed","ping_status":"closed","sticky":false,"template":"","format":"standard","meta":{"footnotes":"","_links_to":"","_links_to_target":""},"categories":[61],"tags":[],"class_list":["post-16162","post","type-post","status-publish","format-standard","hentry","category-wydarzenia-2024-25"],"_links":{"self":[{"href":"https:\/\/asnyk.edu.pl\/index.php?rest_route=\/wp\/v2\/posts\/16162","targetHints":{"allow":["GET"]}}],"collection":[{"href":"https:\/\/asnyk.edu.pl\/index.php?rest_route=\/wp\/v2\/posts"}],"about":[{"href":"https:\/\/asnyk.edu.pl\/index.php?rest_route=\/wp\/v2\/types\/post"}],"author":[{"embeddable":true,"href":"https:\/\/asnyk.edu.pl\/index.php?rest_route=\/wp\/v2\/users\/5"}],"replies":[{"embeddable":true,"href":"https:\/\/asnyk.edu.pl\/index.php?rest_route=%2Fwp%2Fv2%2Fcomments&post=16162"}],"version-history":[{"count":1,"href":"https:\/\/asnyk.edu.pl\/index.php?rest_route=\/wp\/v2\/posts\/16162\/revisions"}],"predecessor-version":[{"id":16170,"href":"https:\/\/asnyk.edu.pl\/index.php?rest_route=\/wp\/v2\/posts\/16162\/revisions\/16170"}],"wp:attachment":[{"href":"https:\/\/asnyk.edu.pl\/index.php?rest_route=%2Fwp%2Fv2%2Fmedia&parent=16162"}],"wp:term":[{"taxonomy":"category","embeddable":true,"href":"https:\/\/asnyk.edu.pl\/index.php?rest_route=%2Fwp%2Fv2%2Fcategories&post=16162"},{"taxonomy":"post_tag","embeddable":true,"href":"https:\/\/asnyk.edu.pl\/index.php?rest_route=%2Fwp%2Fv2%2Ftags&post=16162"}],"curies":[{"name":"wp","href":"https:\/\/api.w.org\/{rel}","templated":true}]}}