{"id":15980,"date":"2025-04-04T11:38:37","date_gmt":"2025-04-04T11:38:37","guid":{"rendered":"https:\/\/asnyk.edu.pl\/?p=15980"},"modified":"2025-04-14T11:40:57","modified_gmt":"2025-04-14T11:40:57","slug":"kolejne-spotkanie-etwinning","status":"publish","type":"post","link":"https:\/\/asnyk.edu.pl\/?p=15980","title":{"rendered":"Kolejne spotkanie eTwinning"},"content":{"rendered":"\n<p>W dniu 9 kwietnia odby\u0142o si\u0119 kolejne inspiruj\u0105ce spotkanie eTwinning, tym razem po\u015bwi\u0119cone prawom cz\u0142owieka oraz fact-checkingowi.<\/p>\n<p>\ud83c\udf1f\u00a0Go\u015bciem honorowym by\u0142a Monika Dziecio\u0142\u00a0\u2013 t\u0142umaczka j\u0119zyka polsko-ira\u0144skiego i wybitna znawczyni kultury ira\u0144skiej, kt\u00f3ra podzieli\u0142a si\u0119 swoj\u0105 wiedz\u0105 oraz do\u015bwiadczeniem.<\/p>\n<p>\ud83d\udcac Serdecznie dzi\u0119kujemy wszystkim za obecno\u015b\u0107 i zaanga\u017cowanie, a szczeg\u00f3lnie Pani Monice za cenny wk\u0142ad w to owocne spotkanie.<\/p>\n<p>\ud83d\udcd6 To kolejny krok w kierunku poszerzania naszych horyzont\u00f3w i budowania \u015bwiadomo\u015bci na temat istotnych warto\u015bci, kt\u00f3re \u0142\u0105cz\u0105 nas wszystkich. \ud83c\udf0d\ud83d\udc99<\/p>\n\n\n<div class=\"wp-block-image\">\n<figure class=\"aligncenter size-full\"><img loading=\"lazy\" decoding=\"async\" width=\"1496\" height=\"847\" src=\"https:\/\/asnyk.edu.pl\/wp-content\/uploads\/2025\/04\/Zrzut-ekranu-2025-04-09-190610.png\" alt=\"\" class=\"wp-image-15981\" srcset=\"https:\/\/asnyk.edu.pl\/wp-content\/uploads\/2025\/04\/Zrzut-ekranu-2025-04-09-190610.png 1496w, https:\/\/asnyk.edu.pl\/wp-content\/uploads\/2025\/04\/Zrzut-ekranu-2025-04-09-190610-505x286.png 505w, https:\/\/asnyk.edu.pl\/wp-content\/uploads\/2025\/04\/Zrzut-ekranu-2025-04-09-190610-205x116.png 205w, https:\/\/asnyk.edu.pl\/wp-content\/uploads\/2025\/04\/Zrzut-ekranu-2025-04-09-190610-768x435.png 768w, https:\/\/asnyk.edu.pl\/wp-content\/uploads\/2025\/04\/Zrzut-ekranu-2025-04-09-190610-500x283.png 500w\" sizes=\"auto, (max-width: 1496px) 100vw, 1496px\" \/><\/figure>\n<\/div>\n\n<div class=\"wp-block-image\">\n<figure class=\"aligncenter size-large\"><img loading=\"lazy\" decoding=\"async\" width=\"848\" height=\"1200\" src=\"https:\/\/asnyk.edu.pl\/wp-content\/uploads\/2025\/04\/IMG-20250406-WA0002-848x1200.jpg\" alt=\"\" class=\"wp-image-15982\" srcset=\"https:\/\/asnyk.edu.pl\/wp-content\/uploads\/2025\/04\/IMG-20250406-WA0002-848x1200.jpg 848w, https:\/\/asnyk.edu.pl\/wp-content\/uploads\/2025\/04\/IMG-20250406-WA0002-357x505.jpg 357w, https:\/\/asnyk.edu.pl\/wp-content\/uploads\/2025\/04\/IMG-20250406-WA0002-145x205.jpg 145w, https:\/\/asnyk.edu.pl\/wp-content\/uploads\/2025\/04\/IMG-20250406-WA0002-768x1086.jpg 768w, https:\/\/asnyk.edu.pl\/wp-content\/uploads\/2025\/04\/IMG-20250406-WA0002-1086x1536.jpg 1086w, https:\/\/asnyk.edu.pl\/wp-content\/uploads\/2025\/04\/IMG-20250406-WA0002-212x300.jpg 212w, https:\/\/asnyk.edu.pl\/wp-content\/uploads\/2025\/04\/IMG-20250406-WA0002.jpg 1131w\" sizes=\"auto, (max-width: 848px) 100vw, 848px\" \/><\/figure>\n<\/div>\n\n","protected":false},"excerpt":{"rendered":"<p>W dniu 9 kwietnia odby\u0142o si\u0119 kolejne inspiruj\u0105ce spotkanie eTwinning, tym razem po\u015bwi\u0119cone prawom cz\u0142owieka oraz fact-checkingowi. \ud83c\udf1f\u00a0Go\u015bciem honorowym by\u0142a Monika Dziecio\u0142\u00a0\u2013 t\u0142umaczka j\u0119zyka polsko-ira\u0144skiego i wybitna znawczyni kultury ira\u0144skiej, kt\u00f3ra podzieli\u0142a si\u0119 swoj\u0105 wiedz\u0105 oraz do\u015bwiadczeniem. \ud83d\udcac Serdecznie dzi\u0119kujemy &hellip; <a href=\"https:\/\/asnyk.edu.pl\/?p=15980\">Czytaj dalej <span class=\"meta-nav\">&rarr;<\/span><\/a><\/p>\n","protected":false},"author":5,"featured_media":0,"comment_status":"closed","ping_status":"closed","sticky":false,"template":"","format":"standard","meta":{"footnotes":"","_links_to":"","_links_to_target":""},"categories":[71],"tags":[],"class_list":["post-15980","post","type-post","status-publish","format-standard","hentry","category-etwinning-on-pyramid-of-civilization-2024-25"],"_links":{"self":[{"href":"https:\/\/asnyk.edu.pl\/index.php?rest_route=\/wp\/v2\/posts\/15980","targetHints":{"allow":["GET"]}}],"collection":[{"href":"https:\/\/asnyk.edu.pl\/index.php?rest_route=\/wp\/v2\/posts"}],"about":[{"href":"https:\/\/asnyk.edu.pl\/index.php?rest_route=\/wp\/v2\/types\/post"}],"author":[{"embeddable":true,"href":"https:\/\/asnyk.edu.pl\/index.php?rest_route=\/wp\/v2\/users\/5"}],"replies":[{"embeddable":true,"href":"https:\/\/asnyk.edu.pl\/index.php?rest_route=%2Fwp%2Fv2%2Fcomments&post=15980"}],"version-history":[{"count":1,"href":"https:\/\/asnyk.edu.pl\/index.php?rest_route=\/wp\/v2\/posts\/15980\/revisions"}],"predecessor-version":[{"id":15983,"href":"https:\/\/asnyk.edu.pl\/index.php?rest_route=\/wp\/v2\/posts\/15980\/revisions\/15983"}],"wp:attachment":[{"href":"https:\/\/asnyk.edu.pl\/index.php?rest_route=%2Fwp%2Fv2%2Fmedia&parent=15980"}],"wp:term":[{"taxonomy":"category","embeddable":true,"href":"https:\/\/asnyk.edu.pl\/index.php?rest_route=%2Fwp%2Fv2%2Fcategories&post=15980"},{"taxonomy":"post_tag","embeddable":true,"href":"https:\/\/asnyk.edu.pl\/index.php?rest_route=%2Fwp%2Fv2%2Ftags&post=15980"}],"curies":[{"name":"wp","href":"https:\/\/api.w.org\/{rel}","templated":true}]}}