{"id":15900,"date":"2025-04-11T06:29:09","date_gmt":"2025-04-11T06:29:09","guid":{"rendered":"https:\/\/asnyk.edu.pl\/?p=15900"},"modified":"2025-04-11T06:29:10","modified_gmt":"2025-04-11T06:29:10","slug":"iv-miedzyszkolny-konkurs-filmowy-czy-czytac","status":"publish","type":"post","link":"https:\/\/asnyk.edu.pl\/?p=15900","title":{"rendered":"IV Mi\u0119dzyszkolny Konkurs Filmowy &#8222;Czy czyta\u0107&#8221;."},"content":{"rendered":"\n<p>W dniu 10 kwietnia w \u00a0Kinie Helios odby\u0142o si\u0119 wr\u0119czenie nagr\u00f3d i uroczysta gala z okazji\u00a0 IV Mi\u0119dzyszkolnego Konkursu Filmowego &#8222;Czy czyta\u0107&#8221;. Nasi uczniowie\u00a0 <strong>Filip Kaps<\/strong>\u00a0z klasy 3a (re\u017cyseria) , a tak\u017ce\u00a0<strong>Mateusz Dendys<\/strong>\u00a0(aktorstwo) i\u00a0<strong>Kacper Kubica<\/strong>\u00a0efekty specjalne) z klasy 4a\u00a0\u00a0<strong>zaj\u0119li II miejsce<\/strong>\u00a0w kategorii szk\u00f3\u0142 \u015brednich. Gratulujemy !<\/p>\n<p>W konkursie wzi\u0119\u0142y udzia\u0142\u00a0 r\u00f3wnie\u017c uczennice Pani prof. A. Wareli\u015b klasy 2a: Wiktoria Kucia, Martyna Dawid, Aleksandra Kliszcz, Karolina Lewandowska Oliwia Kwarciak Lena Tarnowska.<\/p>\n\n\n\n<div class=\"wp-block-dgwt-justified-gallery\">\n\t\t<style type=\"text\/css\">\n\t\t\t#gallery-1 {\n\t\t\t\tmargin: auto;\n\t\t\t}\n\t\t\t#gallery-1 .gallery-item {\n\t\t\t\tfloat: left;\n\t\t\t\tmargin-top: 10px;\n\t\t\t\ttext-align: center;\n\t\t\t\twidth: 33%;\n\t\t\t}\n\t\t\t#gallery-1 img {\n\t\t\t\tborder: 2px solid #cfcfcf;\n\t\t\t}\n\t\t\t#gallery-1 .gallery-caption {\n\t\t\t\tmargin-left: 0;\n\t\t\t}\n\t\t\t\/* see gallery_shortcode() in wp-includes\/media.php *\/\n\t\t<\/style>\n\t\t<div id='gallery-1' class='gallery galleryid-15900 gallery-columns-3 gallery-size-thumbnail'><dl class='gallery-item'>\n\t\t\t<dt class='gallery-icon portrait'>\n\t\t\t\t<a href='https:\/\/asnyk.edu.pl\/?attachment_id=15901'><img loading=\"lazy\" decoding=\"async\" width=\"154\" height=\"205\" src=\"https:\/\/asnyk.edu.pl\/wp-content\/uploads\/2025\/04\/483258411_1319800182580398_5444159320235777044_n-154x205.jpg\" class=\"attachment-thumbnail size-thumbnail\" alt=\"\" srcset=\"https:\/\/asnyk.edu.pl\/wp-content\/uploads\/2025\/04\/483258411_1319800182580398_5444159320235777044_n-154x205.jpg 154w, https:\/\/asnyk.edu.pl\/wp-content\/uploads\/2025\/04\/483258411_1319800182580398_5444159320235777044_n-380x505.jpg 380w, https:\/\/asnyk.edu.pl\/wp-content\/uploads\/2025\/04\/483258411_1319800182580398_5444159320235777044_n-903x1200.jpg 903w, https:\/\/asnyk.edu.pl\/wp-content\/uploads\/2025\/04\/483258411_1319800182580398_5444159320235777044_n-768x1021.jpg 768w, https:\/\/asnyk.edu.pl\/wp-content\/uploads\/2025\/04\/483258411_1319800182580398_5444159320235777044_n-1156x1536.jpg 1156w, https:\/\/asnyk.edu.pl\/wp-content\/uploads\/2025\/04\/483258411_1319800182580398_5444159320235777044_n-226x300.jpg 226w, https:\/\/asnyk.edu.pl\/wp-content\/uploads\/2025\/04\/483258411_1319800182580398_5444159320235777044_n.jpg 1505w\" sizes=\"auto, (max-width: 154px) 100vw, 154px\" \/><\/a>\n\t\t\t<\/dt><\/dl><dl class='gallery-item'>\n\t\t\t<dt class='gallery-icon portrait'>\n\t\t\t\t<a href='https:\/\/asnyk.edu.pl\/?attachment_id=15902'><img loading=\"lazy\" decoding=\"async\" width=\"154\" height=\"205\" src=\"https:\/\/asnyk.edu.pl\/wp-content\/uploads\/2025\/04\/488455797_686286653975587_8469288799957564497_n-154x205.jpg\" class=\"attachment-thumbnail size-thumbnail\" alt=\"\" srcset=\"https:\/\/asnyk.edu.pl\/wp-content\/uploads\/2025\/04\/488455797_686286653975587_8469288799957564497_n-154x205.jpg 154w, https:\/\/asnyk.edu.pl\/wp-content\/uploads\/2025\/04\/488455797_686286653975587_8469288799957564497_n-380x505.jpg 380w, https:\/\/asnyk.edu.pl\/wp-content\/uploads\/2025\/04\/488455797_686286653975587_8469288799957564497_n-903x1200.jpg 903w, https:\/\/asnyk.edu.pl\/wp-content\/uploads\/2025\/04\/488455797_686286653975587_8469288799957564497_n-768x1021.jpg 768w, https:\/\/asnyk.edu.pl\/wp-content\/uploads\/2025\/04\/488455797_686286653975587_8469288799957564497_n-1156x1536.jpg 1156w, https:\/\/asnyk.edu.pl\/wp-content\/uploads\/2025\/04\/488455797_686286653975587_8469288799957564497_n-226x300.jpg 226w, https:\/\/asnyk.edu.pl\/wp-content\/uploads\/2025\/04\/488455797_686286653975587_8469288799957564497_n.jpg 1505w\" sizes=\"auto, (max-width: 154px) 100vw, 154px\" \/><\/a>\n\t\t\t<\/dt><\/dl><dl class='gallery-item'>\n\t\t\t<dt class='gallery-icon portrait'>\n\t\t\t\t<a href='https:\/\/asnyk.edu.pl\/?attachment_id=15903'><img loading=\"lazy\" decoding=\"async\" width=\"154\" height=\"205\" src=\"https:\/\/asnyk.edu.pl\/wp-content\/uploads\/2025\/04\/uzc-154x205.jpg\" class=\"attachment-thumbnail size-thumbnail\" alt=\"\" srcset=\"https:\/\/asnyk.edu.pl\/wp-content\/uploads\/2025\/04\/uzc-154x205.jpg 154w, https:\/\/asnyk.edu.pl\/wp-content\/uploads\/2025\/04\/uzc-380x505.jpg 380w, https:\/\/asnyk.edu.pl\/wp-content\/uploads\/2025\/04\/uzc-903x1200.jpg 903w, https:\/\/asnyk.edu.pl\/wp-content\/uploads\/2025\/04\/uzc-768x1021.jpg 768w, https:\/\/asnyk.edu.pl\/wp-content\/uploads\/2025\/04\/uzc-1156x1536.jpg 1156w, https:\/\/asnyk.edu.pl\/wp-content\/uploads\/2025\/04\/uzc-226x300.jpg 226w, https:\/\/asnyk.edu.pl\/wp-content\/uploads\/2025\/04\/uzc.jpg 1505w\" sizes=\"auto, (max-width: 154px) 100vw, 154px\" \/><\/a>\n\t\t\t<\/dt><\/dl><br style=\"clear: both\" \/>\n\t\t<\/div>\n<\/div>\n\n\n","protected":false},"excerpt":{"rendered":"<p>W dniu 10 kwietnia w \u00a0Kinie Helios odby\u0142o si\u0119 wr\u0119czenie nagr\u00f3d i uroczysta gala z okazji\u00a0 IV Mi\u0119dzyszkolnego Konkursu Filmowego &#8222;Czy czyta\u0107&#8221;. Nasi uczniowie\u00a0 Filip Kaps\u00a0z klasy 3a (re\u017cyseria) , a tak\u017ce\u00a0Mateusz Dendys\u00a0(aktorstwo) i\u00a0Kacper Kubica\u00a0efekty specjalne) z klasy 4a\u00a0\u00a0zaj\u0119li II &hellip; <a href=\"https:\/\/asnyk.edu.pl\/?p=15900\">Czytaj dalej <span class=\"meta-nav\">&rarr;<\/span><\/a><\/p>\n","protected":false},"author":5,"featured_media":0,"comment_status":"closed","ping_status":"closed","sticky":false,"template":"","format":"standard","meta":{"footnotes":"","_links_to":"","_links_to_target":""},"categories":[65],"tags":[],"class_list":["post-15900","post","type-post","status-publish","format-standard","hentry","category-konkursy-2024-25"],"_links":{"self":[{"href":"https:\/\/asnyk.edu.pl\/index.php?rest_route=\/wp\/v2\/posts\/15900","targetHints":{"allow":["GET"]}}],"collection":[{"href":"https:\/\/asnyk.edu.pl\/index.php?rest_route=\/wp\/v2\/posts"}],"about":[{"href":"https:\/\/asnyk.edu.pl\/index.php?rest_route=\/wp\/v2\/types\/post"}],"author":[{"embeddable":true,"href":"https:\/\/asnyk.edu.pl\/index.php?rest_route=\/wp\/v2\/users\/5"}],"replies":[{"embeddable":true,"href":"https:\/\/asnyk.edu.pl\/index.php?rest_route=%2Fwp%2Fv2%2Fcomments&post=15900"}],"version-history":[{"count":1,"href":"https:\/\/asnyk.edu.pl\/index.php?rest_route=\/wp\/v2\/posts\/15900\/revisions"}],"predecessor-version":[{"id":15904,"href":"https:\/\/asnyk.edu.pl\/index.php?rest_route=\/wp\/v2\/posts\/15900\/revisions\/15904"}],"wp:attachment":[{"href":"https:\/\/asnyk.edu.pl\/index.php?rest_route=%2Fwp%2Fv2%2Fmedia&parent=15900"}],"wp:term":[{"taxonomy":"category","embeddable":true,"href":"https:\/\/asnyk.edu.pl\/index.php?rest_route=%2Fwp%2Fv2%2Fcategories&post=15900"},{"taxonomy":"post_tag","embeddable":true,"href":"https:\/\/asnyk.edu.pl\/index.php?rest_route=%2Fwp%2Fv2%2Ftags&post=15900"}],"curies":[{"name":"wp","href":"https:\/\/api.w.org\/{rel}","templated":true}]}}