{"id":15023,"date":"2025-03-25T06:25:08","date_gmt":"2025-03-25T06:25:08","guid":{"rendered":"https:\/\/asnyk.edu.pl\/?p=15023"},"modified":"2025-03-25T06:25:09","modified_gmt":"2025-03-25T06:25:09","slug":"iii-spotkanie-z-kultura-krajow-hiszpanskojezycznych-iberiada-2025","status":"publish","type":"post","link":"https:\/\/asnyk.edu.pl\/?p=15023","title":{"rendered":"III Spotkanie z Kultur\u0105 Kraj\u00f3w Hiszpa\u0144skoj\u0119zycznych &#8222;Iberiada 2025&#8221;"},"content":{"rendered":"\n<p>W dniu 20 marca nasi uczniowie wzi\u0119li udzia\u0142 w III Spotkaniu z Kultur\u0105 Kraj\u00f3w Hiszpa\u0144skoj\u0119zycznych &#8222;Iberiada 2025&#8221; na Uniwersytecie Bielsko-Bialskim. Podczas tego spotkania, uczniowie wys\u0142uchali wyk\u0142adu prof. Ernesta Zawady o \u017cyciu i tw\u00f3rczo\u015bci najwybitniejszych hiszpa\u0144skich malarzy: El Greko, Velazqueza, Goi, Picassa i Dalego. <br \/>W ramach &#8222;Iberiady 2025&#8221; zosta\u0142 r\u00f3wnie\u017c przeprowadzony konkurs wiedzy o hiszpa\u0144skim malarstwie, w kt\u00f3rym wzi\u0119\u0142y udzia\u0142 uczennice z klasy 2g. \u00a0<\/p>\n\n\n\n<div class=\"wp-block-dgwt-justified-gallery\">\n\t\t<style type=\"text\/css\">\n\t\t\t#gallery-1 {\n\t\t\t\tmargin: auto;\n\t\t\t}\n\t\t\t#gallery-1 .gallery-item {\n\t\t\t\tfloat: left;\n\t\t\t\tmargin-top: 10px;\n\t\t\t\ttext-align: center;\n\t\t\t\twidth: 33%;\n\t\t\t}\n\t\t\t#gallery-1 img {\n\t\t\t\tborder: 2px solid #cfcfcf;\n\t\t\t}\n\t\t\t#gallery-1 .gallery-caption {\n\t\t\t\tmargin-left: 0;\n\t\t\t}\n\t\t\t\/* see gallery_shortcode() in wp-includes\/media.php *\/\n\t\t<\/style>\n\t\t<div id='gallery-1' class='gallery galleryid-15023 gallery-columns-3 gallery-size-thumbnail'><dl class='gallery-item'>\n\t\t\t<dt class='gallery-icon landscape'>\n\t\t\t\t<a href='https:\/\/asnyk.edu.pl\/?attachment_id=15024'><img loading=\"lazy\" decoding=\"async\" width=\"205\" height=\"115\" src=\"https:\/\/asnyk.edu.pl\/wp-content\/uploads\/2025\/03\/IMG_20250320_101707-205x115.jpg\" class=\"attachment-thumbnail size-thumbnail\" alt=\"\" srcset=\"https:\/\/asnyk.edu.pl\/wp-content\/uploads\/2025\/03\/IMG_20250320_101707-205x115.jpg 205w, https:\/\/asnyk.edu.pl\/wp-content\/uploads\/2025\/03\/IMG_20250320_101707-505x284.jpg 505w, https:\/\/asnyk.edu.pl\/wp-content\/uploads\/2025\/03\/IMG_20250320_101707-1500x844.jpg 1500w, https:\/\/asnyk.edu.pl\/wp-content\/uploads\/2025\/03\/IMG_20250320_101707-768x432.jpg 768w, https:\/\/asnyk.edu.pl\/wp-content\/uploads\/2025\/03\/IMG_20250320_101707-1536x864.jpg 1536w, https:\/\/asnyk.edu.pl\/wp-content\/uploads\/2025\/03\/IMG_20250320_101707-500x281.jpg 500w, https:\/\/asnyk.edu.pl\/wp-content\/uploads\/2025\/03\/IMG_20250320_101707.jpg 2000w\" sizes=\"auto, (max-width: 205px) 100vw, 205px\" \/><\/a>\n\t\t\t<\/dt><\/dl><dl class='gallery-item'>\n\t\t\t<dt class='gallery-icon landscape'>\n\t\t\t\t<a href='https:\/\/asnyk.edu.pl\/?attachment_id=15025'><img loading=\"lazy\" decoding=\"async\" width=\"205\" height=\"115\" src=\"https:\/\/asnyk.edu.pl\/wp-content\/uploads\/2025\/03\/IMG_20250320_112200-205x115.jpg\" class=\"attachment-thumbnail size-thumbnail\" alt=\"\" srcset=\"https:\/\/asnyk.edu.pl\/wp-content\/uploads\/2025\/03\/IMG_20250320_112200-205x115.jpg 205w, https:\/\/asnyk.edu.pl\/wp-content\/uploads\/2025\/03\/IMG_20250320_112200-505x284.jpg 505w, https:\/\/asnyk.edu.pl\/wp-content\/uploads\/2025\/03\/IMG_20250320_112200-1500x844.jpg 1500w, https:\/\/asnyk.edu.pl\/wp-content\/uploads\/2025\/03\/IMG_20250320_112200-768x432.jpg 768w, https:\/\/asnyk.edu.pl\/wp-content\/uploads\/2025\/03\/IMG_20250320_112200-1536x864.jpg 1536w, https:\/\/asnyk.edu.pl\/wp-content\/uploads\/2025\/03\/IMG_20250320_112200-500x281.jpg 500w, https:\/\/asnyk.edu.pl\/wp-content\/uploads\/2025\/03\/IMG_20250320_112200.jpg 2000w\" sizes=\"auto, (max-width: 205px) 100vw, 205px\" \/><\/a>\n\t\t\t<\/dt><\/dl><dl class='gallery-item'>\n\t\t\t<dt class='gallery-icon landscape'>\n\t\t\t\t<a href='https:\/\/asnyk.edu.pl\/?attachment_id=15026'><img loading=\"lazy\" decoding=\"async\" width=\"205\" height=\"137\" src=\"https:\/\/asnyk.edu.pl\/wp-content\/uploads\/2025\/03\/IMG_20250324_183511-205x137.jpg\" class=\"attachment-thumbnail size-thumbnail\" alt=\"\" srcset=\"https:\/\/asnyk.edu.pl\/wp-content\/uploads\/2025\/03\/IMG_20250324_183511-205x137.jpg 205w, https:\/\/asnyk.edu.pl\/wp-content\/uploads\/2025\/03\/IMG_20250324_183511-505x336.jpg 505w, https:\/\/asnyk.edu.pl\/wp-content\/uploads\/2025\/03\/IMG_20250324_183511-768x512.jpg 768w, https:\/\/asnyk.edu.pl\/wp-content\/uploads\/2025\/03\/IMG_20250324_183511-450x300.jpg 450w, https:\/\/asnyk.edu.pl\/wp-content\/uploads\/2025\/03\/IMG_20250324_183511.jpg 800w\" sizes=\"auto, (max-width: 205px) 100vw, 205px\" \/><\/a>\n\t\t\t<\/dt><\/dl><br style=\"clear: both\" \/>\n\t\t<\/div>\n<\/div>\n\n\n","protected":false},"excerpt":{"rendered":"<p>W dniu 20 marca nasi uczniowie wzi\u0119li udzia\u0142 w III Spotkaniu z Kultur\u0105 Kraj\u00f3w Hiszpa\u0144skoj\u0119zycznych &#8222;Iberiada 2025&#8221; na Uniwersytecie Bielsko-Bialskim. Podczas tego spotkania, uczniowie wys\u0142uchali wyk\u0142adu prof. Ernesta Zawady o \u017cyciu i tw\u00f3rczo\u015bci najwybitniejszych hiszpa\u0144skich malarzy: El Greko, Velazqueza, Goi, &hellip; <a href=\"https:\/\/asnyk.edu.pl\/?p=15023\">Czytaj dalej <span class=\"meta-nav\">&rarr;<\/span><\/a><\/p>\n","protected":false},"author":5,"featured_media":0,"comment_status":"closed","ping_status":"closed","sticky":false,"template":"","format":"standard","meta":{"footnotes":"","_links_to":"","_links_to_target":""},"categories":[61],"tags":[],"class_list":["post-15023","post","type-post","status-publish","format-standard","hentry","category-wydarzenia-2024-25"],"_links":{"self":[{"href":"https:\/\/asnyk.edu.pl\/index.php?rest_route=\/wp\/v2\/posts\/15023","targetHints":{"allow":["GET"]}}],"collection":[{"href":"https:\/\/asnyk.edu.pl\/index.php?rest_route=\/wp\/v2\/posts"}],"about":[{"href":"https:\/\/asnyk.edu.pl\/index.php?rest_route=\/wp\/v2\/types\/post"}],"author":[{"embeddable":true,"href":"https:\/\/asnyk.edu.pl\/index.php?rest_route=\/wp\/v2\/users\/5"}],"replies":[{"embeddable":true,"href":"https:\/\/asnyk.edu.pl\/index.php?rest_route=%2Fwp%2Fv2%2Fcomments&post=15023"}],"version-history":[{"count":1,"href":"https:\/\/asnyk.edu.pl\/index.php?rest_route=\/wp\/v2\/posts\/15023\/revisions"}],"predecessor-version":[{"id":15027,"href":"https:\/\/asnyk.edu.pl\/index.php?rest_route=\/wp\/v2\/posts\/15023\/revisions\/15027"}],"wp:attachment":[{"href":"https:\/\/asnyk.edu.pl\/index.php?rest_route=%2Fwp%2Fv2%2Fmedia&parent=15023"}],"wp:term":[{"taxonomy":"category","embeddable":true,"href":"https:\/\/asnyk.edu.pl\/index.php?rest_route=%2Fwp%2Fv2%2Fcategories&post=15023"},{"taxonomy":"post_tag","embeddable":true,"href":"https:\/\/asnyk.edu.pl\/index.php?rest_route=%2Fwp%2Fv2%2Ftags&post=15023"}],"curies":[{"name":"wp","href":"https:\/\/api.w.org\/{rel}","templated":true}]}}