{"id":14976,"date":"2025-03-14T13:18:52","date_gmt":"2025-03-14T13:18:52","guid":{"rendered":"https:\/\/asnyk.edu.pl\/?p=14976"},"modified":"2025-03-14T17:58:40","modified_gmt":"2025-03-14T17:58:40","slug":"uczniowie-pytaja-dzien-czwarty","status":"publish","type":"post","link":"https:\/\/asnyk.edu.pl\/?p=14976","title":{"rendered":"Uczniowie pytaj\u0105 &#8211; dzie\u0144 czwarty"},"content":{"rendered":"\n<p>W dniu14 marca 2025 r. w naszej szkole odby\u0142o si\u0119 spotkanie z drem Wojciechem Dutk\u0105, pisarzem, autorem ksi\u0105\u017cek historycznych i nauczycielem naszego liceum. Pan doktor niezwykle interesuj\u0105co opowiada\u0142 o akcie tworzenia ksi\u0105\u017cek, wenie, sposobach konstruowania w\u0105tk\u00f3w, bohater\u00f3w oraz rynku wydawniczym. Podczas spotkania m\u0142odzie\u017c dowiedzia\u0142a si\u0119, kt\u00f3ra z postaci historycznych jest jego ulubion\u0105 oraz jak przebiega proces weryfikacji materia\u0142\u00f3w do planowanych ksi\u0105\u017cek. Pan doktor jest wspania\u0142ym rozm\u00f3wc\u0105, mia\u0142 znakomity kontakt z m\u0142odzie\u017c\u0105 i obieca\u0142 spotka\u0107 si\u0119 z ni\u0105 ponownie. Spotkanie zosta\u0142o przygotowane przez p. Magdalen\u0119 Stajewsk\u0105 i p. Janusza Kapsa i zamyka\u0142o ca\u0142otygodniowe seminarium &#8222;Uczniowie Asnyka pytaj\u0105&#8221;.<\/p>\n<p style=\"text-align: left;\">link <a href=\"https:\/\/drive.google.com\/file\/d\/1X2Pqr0FFiX1wJ_J8kW4SYqikR9tVgGGs\/view?usp=drive_link\">&gt;&gt;tutaj&gt;&gt;<\/a><\/p>\n\n\n<div class=\"wp-block-image\">\n<figure class=\"aligncenter size-medium\"><img loading=\"lazy\" decoding=\"async\" width=\"505\" height=\"357\" src=\"https:\/\/asnyk.edu.pl\/wp-content\/uploads\/2025\/03\/Bez-tytulu-297-x-210-mm-505x357.png\" alt=\"\" class=\"wp-image-14977\" srcset=\"https:\/\/asnyk.edu.pl\/wp-content\/uploads\/2025\/03\/Bez-tytulu-297-x-210-mm-505x357.png 505w, https:\/\/asnyk.edu.pl\/wp-content\/uploads\/2025\/03\/Bez-tytulu-297-x-210-mm-1500x1061.png 1500w, https:\/\/asnyk.edu.pl\/wp-content\/uploads\/2025\/03\/Bez-tytulu-297-x-210-mm-205x145.png 205w, https:\/\/asnyk.edu.pl\/wp-content\/uploads\/2025\/03\/Bez-tytulu-297-x-210-mm-768x543.png 768w, https:\/\/asnyk.edu.pl\/wp-content\/uploads\/2025\/03\/Bez-tytulu-297-x-210-mm-1536x1086.png 1536w, https:\/\/asnyk.edu.pl\/wp-content\/uploads\/2025\/03\/Bez-tytulu-297-x-210-mm-424x300.png 424w, https:\/\/asnyk.edu.pl\/wp-content\/uploads\/2025\/03\/Bez-tytulu-297-x-210-mm.png 2000w\" sizes=\"auto, (max-width: 505px) 100vw, 505px\" \/><\/figure>\n<\/div>\n\n<div class=\"wp-block-image\">\n<figure class=\"aligncenter size-medium\"><img loading=\"lazy\" decoding=\"async\" width=\"505\" height=\"379\" src=\"https:\/\/asnyk.edu.pl\/wp-content\/uploads\/2025\/03\/3-5-505x379.jpg\" alt=\"\" class=\"wp-image-14984\" srcset=\"https:\/\/asnyk.edu.pl\/wp-content\/uploads\/2025\/03\/3-5-505x379.jpg 505w, https:\/\/asnyk.edu.pl\/wp-content\/uploads\/2025\/03\/3-5-205x154.jpg 205w, https:\/\/asnyk.edu.pl\/wp-content\/uploads\/2025\/03\/3-5-400x300.jpg 400w, https:\/\/asnyk.edu.pl\/wp-content\/uploads\/2025\/03\/3-5.jpg 720w\" sizes=\"auto, (max-width: 505px) 100vw, 505px\" \/><\/figure>\n<\/div>\n\n\n<p>Pan Janusz Kaps przedstawi\u0142 w swoim wyst\u0105pieniu &#8222;Bielsko-Bia\u0142a -zmieniaj\u0105cy si\u0119 dom&#8221; jak zmieni\u0142o si\u0119 nasze miasto przez ostatnie 100 lat przy wykorzystaniu zdj\u0119\u0107 i poczt\u00f3wek z epoki.<\/p>\n\n\n<div class=\"wp-block-image\">\n<figure class=\"aligncenter size-medium\"><img loading=\"lazy\" decoding=\"async\" width=\"505\" height=\"379\" src=\"https:\/\/asnyk.edu.pl\/wp-content\/uploads\/2025\/03\/1-5-505x379.jpg\" alt=\"\" class=\"wp-image-14981\" srcset=\"https:\/\/asnyk.edu.pl\/wp-content\/uploads\/2025\/03\/1-5-505x379.jpg 505w, https:\/\/asnyk.edu.pl\/wp-content\/uploads\/2025\/03\/1-5-1500x1125.jpg 1500w, https:\/\/asnyk.edu.pl\/wp-content\/uploads\/2025\/03\/1-5-205x154.jpg 205w, https:\/\/asnyk.edu.pl\/wp-content\/uploads\/2025\/03\/1-5-768x576.jpg 768w, https:\/\/asnyk.edu.pl\/wp-content\/uploads\/2025\/03\/1-5-1536x1152.jpg 1536w, https:\/\/asnyk.edu.pl\/wp-content\/uploads\/2025\/03\/1-5-400x300.jpg 400w, https:\/\/asnyk.edu.pl\/wp-content\/uploads\/2025\/03\/1-5.jpg 2048w\" sizes=\"auto, (max-width: 505px) 100vw, 505px\" \/><\/figure>\n<\/div>\n\n\n<p>W ostatnim dniu naszych spotka\u0144, odwiedzi\u0142 nas absolwent Pan Alan Jakman pomys\u0142odawca periodyku More Maiorum zajmuj\u0105cy si\u0119 poszukiwaniem przodk\u00f3w czyli genealogi\u0105. Spotkanie bardzo ciekawe i jak zawsze za kr\u00f3tkie.<\/p>\n\n\n\n<div class=\"wp-block-dgwt-justified-gallery\">\n\t\t<style type=\"text\/css\">\n\t\t\t#gallery-1 {\n\t\t\t\tmargin: auto;\n\t\t\t}\n\t\t\t#gallery-1 .gallery-item {\n\t\t\t\tfloat: left;\n\t\t\t\tmargin-top: 10px;\n\t\t\t\ttext-align: center;\n\t\t\t\twidth: 33%;\n\t\t\t}\n\t\t\t#gallery-1 img {\n\t\t\t\tborder: 2px solid #cfcfcf;\n\t\t\t}\n\t\t\t#gallery-1 .gallery-caption {\n\t\t\t\tmargin-left: 0;\n\t\t\t}\n\t\t\t\/* see gallery_shortcode() in wp-includes\/media.php *\/\n\t\t<\/style>\n\t\t<div id='gallery-1' class='gallery galleryid-14976 gallery-columns-3 gallery-size-thumbnail'><dl class='gallery-item'>\n\t\t\t<dt class='gallery-icon portrait'>\n\t\t\t\t<a href='https:\/\/asnyk.edu.pl\/?attachment_id=14985'><img loading=\"lazy\" decoding=\"async\" width=\"154\" height=\"205\" src=\"https:\/\/asnyk.edu.pl\/wp-content\/uploads\/2025\/03\/1-6-154x205.jpg\" class=\"attachment-thumbnail size-thumbnail\" alt=\"\" srcset=\"https:\/\/asnyk.edu.pl\/wp-content\/uploads\/2025\/03\/1-6-154x205.jpg 154w, https:\/\/asnyk.edu.pl\/wp-content\/uploads\/2025\/03\/1-6-379x505.jpg 379w, https:\/\/asnyk.edu.pl\/wp-content\/uploads\/2025\/03\/1-6-900x1200.jpg 900w, https:\/\/asnyk.edu.pl\/wp-content\/uploads\/2025\/03\/1-6-768x1024.jpg 768w, https:\/\/asnyk.edu.pl\/wp-content\/uploads\/2025\/03\/1-6-1152x1536.jpg 1152w, https:\/\/asnyk.edu.pl\/wp-content\/uploads\/2025\/03\/1-6-225x300.jpg 225w, https:\/\/asnyk.edu.pl\/wp-content\/uploads\/2025\/03\/1-6.jpg 1536w\" sizes=\"auto, (max-width: 154px) 100vw, 154px\" \/><\/a>\n\t\t\t<\/dt><\/dl><dl class='gallery-item'>\n\t\t\t<dt class='gallery-icon landscape'>\n\t\t\t\t<a href='https:\/\/asnyk.edu.pl\/?attachment_id=14987'><img loading=\"lazy\" decoding=\"async\" width=\"205\" height=\"154\" src=\"https:\/\/asnyk.edu.pl\/wp-content\/uploads\/2025\/03\/4-5-205x154.jpg\" class=\"attachment-thumbnail size-thumbnail\" alt=\"\" srcset=\"https:\/\/asnyk.edu.pl\/wp-content\/uploads\/2025\/03\/4-5-205x154.jpg 205w, https:\/\/asnyk.edu.pl\/wp-content\/uploads\/2025\/03\/4-5-505x379.jpg 505w, https:\/\/asnyk.edu.pl\/wp-content\/uploads\/2025\/03\/4-5-400x300.jpg 400w, https:\/\/asnyk.edu.pl\/wp-content\/uploads\/2025\/03\/4-5.jpg 720w\" sizes=\"auto, (max-width: 205px) 100vw, 205px\" \/><\/a>\n\t\t\t<\/dt><\/dl><dl class='gallery-item'>\n\t\t\t<dt class='gallery-icon portrait'>\n\t\t\t\t<a href='https:\/\/asnyk.edu.pl\/?attachment_id=14986'><img loading=\"lazy\" decoding=\"async\" width=\"154\" height=\"205\" src=\"https:\/\/asnyk.edu.pl\/wp-content\/uploads\/2025\/03\/2-5-154x205.jpg\" class=\"attachment-thumbnail size-thumbnail\" alt=\"\" srcset=\"https:\/\/asnyk.edu.pl\/wp-content\/uploads\/2025\/03\/2-5-154x205.jpg 154w, https:\/\/asnyk.edu.pl\/wp-content\/uploads\/2025\/03\/2-5-379x505.jpg 379w, https:\/\/asnyk.edu.pl\/wp-content\/uploads\/2025\/03\/2-5-900x1200.jpg 900w, https:\/\/asnyk.edu.pl\/wp-content\/uploads\/2025\/03\/2-5-768x1024.jpg 768w, https:\/\/asnyk.edu.pl\/wp-content\/uploads\/2025\/03\/2-5-1152x1536.jpg 1152w, https:\/\/asnyk.edu.pl\/wp-content\/uploads\/2025\/03\/2-5-225x300.jpg 225w, https:\/\/asnyk.edu.pl\/wp-content\/uploads\/2025\/03\/2-5.jpg 1536w\" sizes=\"auto, (max-width: 154px) 100vw, 154px\" \/><\/a>\n\t\t\t<\/dt><\/dl><br style=\"clear: both\" \/>\n\t\t<\/div>\n<\/div>\n","protected":false},"excerpt":{"rendered":"<p>W dniu14 marca 2025 r. w naszej szkole odby\u0142o si\u0119 spotkanie z drem Wojciechem Dutk\u0105, pisarzem, autorem ksi\u0105\u017cek historycznych i nauczycielem naszego liceum. Pan doktor niezwykle interesuj\u0105co opowiada\u0142 o akcie tworzenia ksi\u0105\u017cek, wenie, sposobach konstruowania w\u0105tk\u00f3w, bohater\u00f3w oraz rynku wydawniczym. &hellip; <a href=\"https:\/\/asnyk.edu.pl\/?p=14976\">Czytaj dalej <span class=\"meta-nav\">&rarr;<\/span><\/a><\/p>\n","protected":false},"author":5,"featured_media":0,"comment_status":"closed","ping_status":"closed","sticky":false,"template":"","format":"standard","meta":{"footnotes":"","_links_to":"","_links_to_target":""},"categories":[73],"tags":[],"class_list":["post-14976","post","type-post","status-publish","format-standard","hentry","category-uczniowie-pytaja-24-25"],"_links":{"self":[{"href":"https:\/\/asnyk.edu.pl\/index.php?rest_route=\/wp\/v2\/posts\/14976","targetHints":{"allow":["GET"]}}],"collection":[{"href":"https:\/\/asnyk.edu.pl\/index.php?rest_route=\/wp\/v2\/posts"}],"about":[{"href":"https:\/\/asnyk.edu.pl\/index.php?rest_route=\/wp\/v2\/types\/post"}],"author":[{"embeddable":true,"href":"https:\/\/asnyk.edu.pl\/index.php?rest_route=\/wp\/v2\/users\/5"}],"replies":[{"embeddable":true,"href":"https:\/\/asnyk.edu.pl\/index.php?rest_route=%2Fwp%2Fv2%2Fcomments&post=14976"}],"version-history":[{"count":4,"href":"https:\/\/asnyk.edu.pl\/index.php?rest_route=\/wp\/v2\/posts\/14976\/revisions"}],"predecessor-version":[{"id":14988,"href":"https:\/\/asnyk.edu.pl\/index.php?rest_route=\/wp\/v2\/posts\/14976\/revisions\/14988"}],"wp:attachment":[{"href":"https:\/\/asnyk.edu.pl\/index.php?rest_route=%2Fwp%2Fv2%2Fmedia&parent=14976"}],"wp:term":[{"taxonomy":"category","embeddable":true,"href":"https:\/\/asnyk.edu.pl\/index.php?rest_route=%2Fwp%2Fv2%2Fcategories&post=14976"},{"taxonomy":"post_tag","embeddable":true,"href":"https:\/\/asnyk.edu.pl\/index.php?rest_route=%2Fwp%2Fv2%2Ftags&post=14976"}],"curies":[{"name":"wp","href":"https:\/\/api.w.org\/{rel}","templated":true}]}}