{"id":14752,"date":"2025-01-24T16:48:37","date_gmt":"2025-01-24T16:48:37","guid":{"rendered":"https:\/\/asnyk.edu.pl\/?p=14752"},"modified":"2025-01-27T16:50:36","modified_gmt":"2025-01-27T16:50:36","slug":"obiady-czwartkowe-21","status":"publish","type":"post","link":"https:\/\/asnyk.edu.pl\/?p=14752","title":{"rendered":"Obiady czwartkowe"},"content":{"rendered":"\n<p>23 stycznia w ramach tzw. obiad\u00f3w czwartkowych mieli\u015bmy okazj\u0119 obejrze\u0107 pierwsz\u0105 cz\u0119\u015b\u0107 filmu o \u0142owcy nazist\u00f3w Szymonie Wiesenthalu pt: &#8222;Mordercy s\u0105 w\u015br\u00f3d nas&#8221;<\/p>\n\n\n\n<div class=\"wp-block-dgwt-justified-gallery\">\n\t\t<style type=\"text\/css\">\n\t\t\t#gallery-1 {\n\t\t\t\tmargin: auto;\n\t\t\t}\n\t\t\t#gallery-1 .gallery-item {\n\t\t\t\tfloat: left;\n\t\t\t\tmargin-top: 10px;\n\t\t\t\ttext-align: center;\n\t\t\t\twidth: 33%;\n\t\t\t}\n\t\t\t#gallery-1 img {\n\t\t\t\tborder: 2px solid #cfcfcf;\n\t\t\t}\n\t\t\t#gallery-1 .gallery-caption {\n\t\t\t\tmargin-left: 0;\n\t\t\t}\n\t\t\t\/* see gallery_shortcode() in wp-includes\/media.php *\/\n\t\t<\/style>\n\t\t<div id='gallery-1' class='gallery galleryid-14752 gallery-columns-3 gallery-size-thumbnail'><dl class='gallery-item'>\n\t\t\t<dt class='gallery-icon portrait'>\n\t\t\t\t<a href='https:\/\/asnyk.edu.pl\/?attachment_id=14753'><img loading=\"lazy\" decoding=\"async\" width=\"153\" height=\"205\" src=\"https:\/\/asnyk.edu.pl\/wp-content\/uploads\/2025\/01\/1-4-153x205.jpg\" class=\"attachment-thumbnail size-thumbnail\" alt=\"\" srcset=\"https:\/\/asnyk.edu.pl\/wp-content\/uploads\/2025\/01\/1-4-153x205.jpg 153w, https:\/\/asnyk.edu.pl\/wp-content\/uploads\/2025\/01\/1-4-378x505.jpg 378w, https:\/\/asnyk.edu.pl\/wp-content\/uploads\/2025\/01\/1-4-898x1200.jpg 898w, https:\/\/asnyk.edu.pl\/wp-content\/uploads\/2025\/01\/1-4-768x1027.jpg 768w, https:\/\/asnyk.edu.pl\/wp-content\/uploads\/2025\/01\/1-4-1149x1536.jpg 1149w, https:\/\/asnyk.edu.pl\/wp-content\/uploads\/2025\/01\/1-4-224x300.jpg 224w, https:\/\/asnyk.edu.pl\/wp-content\/uploads\/2025\/01\/1-4.jpg 1496w\" sizes=\"auto, (max-width: 153px) 100vw, 153px\" \/><\/a>\n\t\t\t<\/dt><\/dl><dl class='gallery-item'>\n\t\t\t<dt class='gallery-icon portrait'>\n\t\t\t\t<a href='https:\/\/asnyk.edu.pl\/?attachment_id=14754'><img loading=\"lazy\" decoding=\"async\" width=\"153\" height=\"205\" src=\"https:\/\/asnyk.edu.pl\/wp-content\/uploads\/2025\/01\/2-4-153x205.jpg\" class=\"attachment-thumbnail size-thumbnail\" alt=\"\" srcset=\"https:\/\/asnyk.edu.pl\/wp-content\/uploads\/2025\/01\/2-4-153x205.jpg 153w, https:\/\/asnyk.edu.pl\/wp-content\/uploads\/2025\/01\/2-4-378x505.jpg 378w, https:\/\/asnyk.edu.pl\/wp-content\/uploads\/2025\/01\/2-4-898x1200.jpg 898w, https:\/\/asnyk.edu.pl\/wp-content\/uploads\/2025\/01\/2-4-768x1027.jpg 768w, https:\/\/asnyk.edu.pl\/wp-content\/uploads\/2025\/01\/2-4-1149x1536.jpg 1149w, https:\/\/asnyk.edu.pl\/wp-content\/uploads\/2025\/01\/2-4-224x300.jpg 224w, https:\/\/asnyk.edu.pl\/wp-content\/uploads\/2025\/01\/2-4.jpg 1496w\" sizes=\"auto, (max-width: 153px) 100vw, 153px\" \/><\/a>\n\t\t\t<\/dt><\/dl>\n\t\t\t<br style='clear: both' \/>\n\t\t<\/div>\n<\/div>\n","protected":false},"excerpt":{"rendered":"<p>23 stycznia w ramach tzw. obiad\u00f3w czwartkowych mieli\u015bmy okazj\u0119 obejrze\u0107 pierwsz\u0105 cz\u0119\u015b\u0107 filmu o \u0142owcy nazist\u00f3w Szymonie Wiesenthalu pt: &#8222;Mordercy s\u0105 w\u015br\u00f3d nas&#8221;<\/p>\n","protected":false},"author":5,"featured_media":0,"comment_status":"closed","ping_status":"closed","sticky":false,"template":"","format":"standard","meta":{"footnotes":"","_links_to":"","_links_to_target":""},"categories":[66],"tags":[],"class_list":["post-14752","post","type-post","status-publish","format-standard","hentry","category-obiady-czwartkowe-2024-25"],"_links":{"self":[{"href":"https:\/\/asnyk.edu.pl\/index.php?rest_route=\/wp\/v2\/posts\/14752","targetHints":{"allow":["GET"]}}],"collection":[{"href":"https:\/\/asnyk.edu.pl\/index.php?rest_route=\/wp\/v2\/posts"}],"about":[{"href":"https:\/\/asnyk.edu.pl\/index.php?rest_route=\/wp\/v2\/types\/post"}],"author":[{"embeddable":true,"href":"https:\/\/asnyk.edu.pl\/index.php?rest_route=\/wp\/v2\/users\/5"}],"replies":[{"embeddable":true,"href":"https:\/\/asnyk.edu.pl\/index.php?rest_route=%2Fwp%2Fv2%2Fcomments&post=14752"}],"version-history":[{"count":1,"href":"https:\/\/asnyk.edu.pl\/index.php?rest_route=\/wp\/v2\/posts\/14752\/revisions"}],"predecessor-version":[{"id":14755,"href":"https:\/\/asnyk.edu.pl\/index.php?rest_route=\/wp\/v2\/posts\/14752\/revisions\/14755"}],"wp:attachment":[{"href":"https:\/\/asnyk.edu.pl\/index.php?rest_route=%2Fwp%2Fv2%2Fmedia&parent=14752"}],"wp:term":[{"taxonomy":"category","embeddable":true,"href":"https:\/\/asnyk.edu.pl\/index.php?rest_route=%2Fwp%2Fv2%2Fcategories&post=14752"},{"taxonomy":"post_tag","embeddable":true,"href":"https:\/\/asnyk.edu.pl\/index.php?rest_route=%2Fwp%2Fv2%2Ftags&post=14752"}],"curies":[{"name":"wp","href":"https:\/\/api.w.org\/{rel}","templated":true}]}}