{"id":13666,"date":"2024-06-19T07:06:39","date_gmt":"2024-06-19T07:06:39","guid":{"rendered":"https:\/\/asnyk.edu.pl\/?p=13666"},"modified":"2024-06-19T07:06:40","modified_gmt":"2024-06-19T07:06:40","slug":"szanuj-energie-chron-klimat-4","status":"publish","type":"post","link":"https:\/\/asnyk.edu.pl\/?p=13666","title":{"rendered":"\u201eSzanuj energi\u0119, chro\u0144 klimat\u201d."},"content":{"rendered":"\n<div dir=\"auto\">14 czerwca odby\u0142o si\u0119 uroczyste podsumowanie konkursu \u201eSzanuj energi\u0119, chro\u0144 klimat\u201d. Jak co roku w projekt zaanga\u017cowa\u0142o si\u0119 sporo uczni\u00f3w z naszej szko\u0142y, dzi\u0119ki kt\u00f3rym po raz kolejny uzyskali\u015bmy tytu\u0142 \u201eSzko\u0142y z Dobr\u0105 Energi\u0105\u201d!!! Konkurs sk\u0142ada\u0142 si\u0119 z 4 element\u00f3w do zrealizowania w trakcie jego trwania:<\/div>\n<div dir=\"auto\">1. wycieczka ekologiczna;<\/div>\n<div dir=\"auto\">2. udzia\u0142 w zaj\u0119ciach tematycznych zrealizowanych przez nauczyciela wg w\u0142asnej inwencji;<\/div>\n<div dir=\"auto\">3. zdj\u0119cie uczestnika konkursu jako Ambasadora Klimatu z zaprezentowaniem indywidualnego zobowi\u0105zania\/dzia\u0142ania pro\u015brodowiskowego na zdj\u0119ciu;<\/div>\n<div dir=\"auto\">4. praca konkursowa adekwatna do kategorii wiekowej.<\/div>\n<div dir=\"auto\">Szczeg\u00f3lne podzi\u0119kowania nale\u017c\u0105 si\u0119 uczniom klasy 3c, kt\u00f3ra zrealizowa\u0142a dwa z czterech zada\u0144, uczniom klasy 4d, kt\u00f3rzy zostali ambasadorami klimatu oraz uczennicom klasy 2c Julii Goliasz i Zuzannie Kostce, kt\u00f3re nagra\u0142y animacj\u0119 \u201e\u015awiat bez pr\u0105du\u201d.<\/div>\n<div dir=\"auto\">Ju\u017c teraz zach\u0119camy do wzi\u0119cia udzia\u0142u w 15 edycji konkursu \u201eSzanuj energi\u0119, chro\u0144 klimat\u201d w przysz\u0142ym roku szkolnym<span class=\"html-span xexx8yu x4uap5 x18d9i69 xkhd6sd x1hl2dhg x16tdsg8 x1vvkbs x3nfvp2 x1j61x8r x1fcty0u xdj266r xat24cr xgzva0m xhhsvwb xxymvpz xlup9mm x1kky2od\"><img loading=\"lazy\" decoding=\"async\" class=\"xz74otr\" src=\"https:\/\/static.xx.fbcdn.net\/images\/emoji.php\/v9\/t14\/1\/16\/2618.png\" alt=\"\u2618\ufe0f\" width=\"16\" height=\"16\" \/><\/span><\/div>\n\n\n","protected":false},"excerpt":{"rendered":"<p>14 czerwca odby\u0142o si\u0119 uroczyste podsumowanie konkursu \u201eSzanuj energi\u0119, chro\u0144 klimat\u201d. Jak co roku w projekt zaanga\u017cowa\u0142o si\u0119 sporo uczni\u00f3w z naszej szko\u0142y, dzi\u0119ki kt\u00f3rym po raz kolejny uzyskali\u015bmy tytu\u0142 \u201eSzko\u0142y z Dobr\u0105 Energi\u0105\u201d!!! Konkurs sk\u0142ada\u0142 si\u0119 z 4 element\u00f3w &hellip; <a href=\"https:\/\/asnyk.edu.pl\/?p=13666\">Czytaj dalej <span class=\"meta-nav\">&rarr;<\/span><\/a><\/p>\n","protected":false},"author":5,"featured_media":0,"comment_status":"closed","ping_status":"closed","sticky":false,"template":"","format":"standard","meta":{"footnotes":"","_links_to":"","_links_to_target":""},"categories":[44],"tags":[],"class_list":["post-13666","post","type-post","status-publish","format-standard","hentry","category-konkursy-2023-24"],"_links":{"self":[{"href":"https:\/\/asnyk.edu.pl\/index.php?rest_route=\/wp\/v2\/posts\/13666","targetHints":{"allow":["GET"]}}],"collection":[{"href":"https:\/\/asnyk.edu.pl\/index.php?rest_route=\/wp\/v2\/posts"}],"about":[{"href":"https:\/\/asnyk.edu.pl\/index.php?rest_route=\/wp\/v2\/types\/post"}],"author":[{"embeddable":true,"href":"https:\/\/asnyk.edu.pl\/index.php?rest_route=\/wp\/v2\/users\/5"}],"replies":[{"embeddable":true,"href":"https:\/\/asnyk.edu.pl\/index.php?rest_route=%2Fwp%2Fv2%2Fcomments&post=13666"}],"version-history":[{"count":1,"href":"https:\/\/asnyk.edu.pl\/index.php?rest_route=\/wp\/v2\/posts\/13666\/revisions"}],"predecessor-version":[{"id":13667,"href":"https:\/\/asnyk.edu.pl\/index.php?rest_route=\/wp\/v2\/posts\/13666\/revisions\/13667"}],"wp:attachment":[{"href":"https:\/\/asnyk.edu.pl\/index.php?rest_route=%2Fwp%2Fv2%2Fmedia&parent=13666"}],"wp:term":[{"taxonomy":"category","embeddable":true,"href":"https:\/\/asnyk.edu.pl\/index.php?rest_route=%2Fwp%2Fv2%2Fcategories&post=13666"},{"taxonomy":"post_tag","embeddable":true,"href":"https:\/\/asnyk.edu.pl\/index.php?rest_route=%2Fwp%2Fv2%2Ftags&post=13666"}],"curies":[{"name":"wp","href":"https:\/\/api.w.org\/{rel}","templated":true}]}}