{"id":12885,"date":"2024-04-22T11:50:46","date_gmt":"2024-04-22T11:50:46","guid":{"rendered":"https:\/\/asnyk.edu.pl\/?p=12885"},"modified":"2024-04-22T11:50:46","modified_gmt":"2024-04-22T11:50:46","slug":"podbeskidzki-konkurs-historyczny","status":"publish","type":"post","link":"https:\/\/asnyk.edu.pl\/?p=12885","title":{"rendered":"Podbeskidzki Konkurs Historyczny"},"content":{"rendered":"\n<p>Marcin Stec z klasy 1g (pod opiek\u0105 nauczyciela historii profesora S\u0142awomira Horowskiego) wzi\u0105\u0142 udzia\u0142 w trzydniowej wycieczce naukowej do Gda\u0144ska. By\u0142a to nagroda dla laureat\u00f3w Podbeskidzkiego Konkursu Historycznego ufundowana przez Zarz\u0105d Regionu &#8222;Podbeskidzkie&#8221; NSZZ Solidarno\u015b\u0107. Uczniowie mi\u0119dzy innymi odwiedzili sal\u0119 BHP Stoczni Gda\u0144skiej (w niej w 1980 roku podpisano porozumienie sierpniowe) Europejskie Centrum Solidarno\u015bci, siedzib\u0119 Komisji Krajowej NSZZ Solidarno\u015b\u0107 (gdzie spotkali si\u0119 z przewodnicz\u0105cym zwi\u0105zku Piotrem Dud\u0105), Muzeum II Wojny \u015awiatowej oraz ko\u015bcio\u0142y \u015bw. Brygidy i \u015bw. Miko\u0142aja. Byli tak\u017ce pod gmachem Poczty Polskiej i na Westerplatte.<\/p>\n\n\n\n<div class=\"wp-block-dgwt-justified-gallery\">\n\t\t<style type=\"text\/css\">\n\t\t\t#gallery-1 {\n\t\t\t\tmargin: auto;\n\t\t\t}\n\t\t\t#gallery-1 .gallery-item {\n\t\t\t\tfloat: left;\n\t\t\t\tmargin-top: 10px;\n\t\t\t\ttext-align: center;\n\t\t\t\twidth: 33%;\n\t\t\t}\n\t\t\t#gallery-1 img {\n\t\t\t\tborder: 2px solid #cfcfcf;\n\t\t\t}\n\t\t\t#gallery-1 .gallery-caption {\n\t\t\t\tmargin-left: 0;\n\t\t\t}\n\t\t\t\/* see gallery_shortcode() in wp-includes\/media.php *\/\n\t\t<\/style>\n\t\t<div id='gallery-1' class='gallery galleryid-12885 gallery-columns-3 gallery-size-thumbnail'><dl class='gallery-item'>\n\t\t\t<dt class='gallery-icon portrait'>\n\t\t\t\t<a href='https:\/\/asnyk.edu.pl\/?attachment_id=12886'><img loading=\"lazy\" decoding=\"async\" width=\"90\" height=\"205\" src=\"https:\/\/asnyk.edu.pl\/wp-content\/uploads\/2024\/04\/gdansk4-90x205.jpg\" class=\"attachment-thumbnail size-thumbnail\" alt=\"\" srcset=\"https:\/\/asnyk.edu.pl\/wp-content\/uploads\/2024\/04\/gdansk4-90x205.jpg 90w, https:\/\/asnyk.edu.pl\/wp-content\/uploads\/2024\/04\/gdansk4-222x505.jpg 222w, https:\/\/asnyk.edu.pl\/wp-content\/uploads\/2024\/04\/gdansk4-527x1200.jpg 527w, https:\/\/asnyk.edu.pl\/wp-content\/uploads\/2024\/04\/gdansk4-768x1749.jpg 768w, https:\/\/asnyk.edu.pl\/wp-content\/uploads\/2024\/04\/gdansk4-674x1536.jpg 674w, https:\/\/asnyk.edu.pl\/wp-content\/uploads\/2024\/04\/gdansk4-132x300.jpg 132w, https:\/\/asnyk.edu.pl\/wp-content\/uploads\/2024\/04\/gdansk4.jpg 878w\" sizes=\"auto, (max-width: 90px) 100vw, 90px\" \/><\/a>\n\t\t\t<\/dt><\/dl><dl class='gallery-item'>\n\t\t\t<dt class='gallery-icon portrait'>\n\t\t\t\t<a href='https:\/\/asnyk.edu.pl\/?attachment_id=12887'><img loading=\"lazy\" decoding=\"async\" width=\"90\" height=\"205\" src=\"https:\/\/asnyk.edu.pl\/wp-content\/uploads\/2024\/04\/gdansk3-90x205.jpg\" class=\"attachment-thumbnail size-thumbnail\" alt=\"\" srcset=\"https:\/\/asnyk.edu.pl\/wp-content\/uploads\/2024\/04\/gdansk3-90x205.jpg 90w, https:\/\/asnyk.edu.pl\/wp-content\/uploads\/2024\/04\/gdansk3-222x505.jpg 222w, https:\/\/asnyk.edu.pl\/wp-content\/uploads\/2024\/04\/gdansk3-527x1200.jpg 527w, https:\/\/asnyk.edu.pl\/wp-content\/uploads\/2024\/04\/gdansk3-768x1749.jpg 768w, https:\/\/asnyk.edu.pl\/wp-content\/uploads\/2024\/04\/gdansk3-674x1536.jpg 674w, https:\/\/asnyk.edu.pl\/wp-content\/uploads\/2024\/04\/gdansk3-132x300.jpg 132w, https:\/\/asnyk.edu.pl\/wp-content\/uploads\/2024\/04\/gdansk3.jpg 878w\" sizes=\"auto, (max-width: 90px) 100vw, 90px\" \/><\/a>\n\t\t\t<\/dt><\/dl><dl class='gallery-item'>\n\t\t\t<dt class='gallery-icon portrait'>\n\t\t\t\t<a href='https:\/\/asnyk.edu.pl\/?attachment_id=12888'><img loading=\"lazy\" decoding=\"async\" width=\"90\" height=\"205\" src=\"https:\/\/asnyk.edu.pl\/wp-content\/uploads\/2024\/04\/gdansk1-90x205.jpg\" class=\"attachment-thumbnail size-thumbnail\" alt=\"\" srcset=\"https:\/\/asnyk.edu.pl\/wp-content\/uploads\/2024\/04\/gdansk1-90x205.jpg 90w, https:\/\/asnyk.edu.pl\/wp-content\/uploads\/2024\/04\/gdansk1-222x505.jpg 222w, https:\/\/asnyk.edu.pl\/wp-content\/uploads\/2024\/04\/gdansk1-527x1200.jpg 527w, https:\/\/asnyk.edu.pl\/wp-content\/uploads\/2024\/04\/gdansk1-768x1749.jpg 768w, https:\/\/asnyk.edu.pl\/wp-content\/uploads\/2024\/04\/gdansk1-674x1536.jpg 674w, https:\/\/asnyk.edu.pl\/wp-content\/uploads\/2024\/04\/gdansk1-132x300.jpg 132w, https:\/\/asnyk.edu.pl\/wp-content\/uploads\/2024\/04\/gdansk1.jpg 878w\" sizes=\"auto, (max-width: 90px) 100vw, 90px\" \/><\/a>\n\t\t\t<\/dt><\/dl><br style=\"clear: both\" \/><dl class='gallery-item'>\n\t\t\t<dt class='gallery-icon landscape'>\n\t\t\t\t<a href='https:\/\/asnyk.edu.pl\/?attachment_id=12889'><img loading=\"lazy\" decoding=\"async\" width=\"205\" height=\"90\" src=\"https:\/\/asnyk.edu.pl\/wp-content\/uploads\/2024\/04\/gdansk2-205x90.jpg\" class=\"attachment-thumbnail size-thumbnail\" alt=\"\" srcset=\"https:\/\/asnyk.edu.pl\/wp-content\/uploads\/2024\/04\/gdansk2-205x90.jpg 205w, https:\/\/asnyk.edu.pl\/wp-content\/uploads\/2024\/04\/gdansk2-505x222.jpg 505w, https:\/\/asnyk.edu.pl\/wp-content\/uploads\/2024\/04\/gdansk2-1500x659.jpg 1500w, https:\/\/asnyk.edu.pl\/wp-content\/uploads\/2024\/04\/gdansk2-768x337.jpg 768w, https:\/\/asnyk.edu.pl\/wp-content\/uploads\/2024\/04\/gdansk2-1536x674.jpg 1536w, https:\/\/asnyk.edu.pl\/wp-content\/uploads\/2024\/04\/gdansk2-500x220.jpg 500w, https:\/\/asnyk.edu.pl\/wp-content\/uploads\/2024\/04\/gdansk2.jpg 2000w\" sizes=\"auto, (max-width: 205px) 100vw, 205px\" \/><\/a>\n\t\t\t<\/dt><\/dl>\n\t\t\t<br style='clear: both' \/>\n\t\t<\/div>\n<\/div>\n","protected":false},"excerpt":{"rendered":"<p>Marcin Stec z klasy 1g (pod opiek\u0105 nauczyciela historii profesora S\u0142awomira Horowskiego) wzi\u0105\u0142 udzia\u0142 w trzydniowej wycieczce naukowej do Gda\u0144ska. By\u0142a to nagroda dla laureat\u00f3w Podbeskidzkiego Konkursu Historycznego ufundowana przez Zarz\u0105d Regionu &#8222;Podbeskidzkie&#8221; NSZZ Solidarno\u015b\u0107. Uczniowie mi\u0119dzy innymi odwiedzili sal\u0119 &hellip; <a href=\"https:\/\/asnyk.edu.pl\/?p=12885\">Czytaj dalej <span class=\"meta-nav\">&rarr;<\/span><\/a><\/p>\n","protected":false},"author":5,"featured_media":0,"comment_status":"closed","ping_status":"closed","sticky":false,"template":"","format":"standard","meta":{"footnotes":"","_links_to":"","_links_to_target":""},"categories":[44],"tags":[],"class_list":["post-12885","post","type-post","status-publish","format-standard","hentry","category-konkursy-2023-24"],"_links":{"self":[{"href":"https:\/\/asnyk.edu.pl\/index.php?rest_route=\/wp\/v2\/posts\/12885","targetHints":{"allow":["GET"]}}],"collection":[{"href":"https:\/\/asnyk.edu.pl\/index.php?rest_route=\/wp\/v2\/posts"}],"about":[{"href":"https:\/\/asnyk.edu.pl\/index.php?rest_route=\/wp\/v2\/types\/post"}],"author":[{"embeddable":true,"href":"https:\/\/asnyk.edu.pl\/index.php?rest_route=\/wp\/v2\/users\/5"}],"replies":[{"embeddable":true,"href":"https:\/\/asnyk.edu.pl\/index.php?rest_route=%2Fwp%2Fv2%2Fcomments&post=12885"}],"version-history":[{"count":1,"href":"https:\/\/asnyk.edu.pl\/index.php?rest_route=\/wp\/v2\/posts\/12885\/revisions"}],"predecessor-version":[{"id":12890,"href":"https:\/\/asnyk.edu.pl\/index.php?rest_route=\/wp\/v2\/posts\/12885\/revisions\/12890"}],"wp:attachment":[{"href":"https:\/\/asnyk.edu.pl\/index.php?rest_route=%2Fwp%2Fv2%2Fmedia&parent=12885"}],"wp:term":[{"taxonomy":"category","embeddable":true,"href":"https:\/\/asnyk.edu.pl\/index.php?rest_route=%2Fwp%2Fv2%2Fcategories&post=12885"},{"taxonomy":"post_tag","embeddable":true,"href":"https:\/\/asnyk.edu.pl\/index.php?rest_route=%2Fwp%2Fv2%2Ftags&post=12885"}],"curies":[{"name":"wp","href":"https:\/\/api.w.org\/{rel}","templated":true}]}}