{"id":1236,"date":"2019-06-26T18:59:45","date_gmt":"2019-06-26T18:59:45","guid":{"rendered":"http:\/\/asnyk.edu.pl\/?p=1236"},"modified":"2019-08-22T05:44:13","modified_gmt":"2019-08-22T05:44:13","slug":"wywiad-w-lesnictwie-miejskim","status":"publish","type":"post","link":"https:\/\/asnyk.edu.pl\/?p=1236","title":{"rendered":"Wywiad w Le\u015bnictwie Miejskim"},"content":{"rendered":"\n<p>Nasze wspania\u0142e uczennice wraz z p.  Ew\u0105 Potoczny mimo upa\u0142u dotar\u0142y na wywiad w Le\u015bnictwie Miejskim na granicy miasta i Bystrej. Powstanie z tego ciekawy film do obejrzenia wkr\u00f3tce. Tylko w Asnyku dziej\u0105 si\u0119 takie rzeczy w sezonie wakacyjnym!<\/p>\n\n\n\n<ul class=\"wp-block-gallery columns-3 is-cropped wp-block-gallery-1 is-layout-flex wp-block-gallery-is-layout-flex\"><li class=\"blocks-gallery-item\"><figure><img loading=\"lazy\" decoding=\"async\" width=\"960\" height=\"540\" src=\"http:\/\/asnyk.edu.pl\/wp-content\/uploads\/2019\/06\/FB_IMG_1561575425046.jpg\" alt=\"\" data-id=\"1237\" data-link=\"http:\/\/asnyk.edu.pl\/?attachment_id=1237\" class=\"wp-image-1237\" srcset=\"https:\/\/asnyk.edu.pl\/wp-content\/uploads\/2019\/06\/FB_IMG_1561575425046.jpg 960w, https:\/\/asnyk.edu.pl\/wp-content\/uploads\/2019\/06\/FB_IMG_1561575425046-200x113.jpg 200w, https:\/\/asnyk.edu.pl\/wp-content\/uploads\/2019\/06\/FB_IMG_1561575425046-500x281.jpg 500w, https:\/\/asnyk.edu.pl\/wp-content\/uploads\/2019\/06\/FB_IMG_1561575425046-768x432.jpg 768w\" sizes=\"auto, (max-width: 960px) 100vw, 960px\" \/><\/figure><\/li><li class=\"blocks-gallery-item\"><figure><img loading=\"lazy\" decoding=\"async\" width=\"960\" height=\"540\" src=\"http:\/\/asnyk.edu.pl\/wp-content\/uploads\/2019\/06\/FB_IMG_1561575427944.jpg\" alt=\"\" data-id=\"1238\" data-link=\"http:\/\/asnyk.edu.pl\/?attachment_id=1238\" class=\"wp-image-1238\" srcset=\"https:\/\/asnyk.edu.pl\/wp-content\/uploads\/2019\/06\/FB_IMG_1561575427944.jpg 960w, https:\/\/asnyk.edu.pl\/wp-content\/uploads\/2019\/06\/FB_IMG_1561575427944-200x113.jpg 200w, https:\/\/asnyk.edu.pl\/wp-content\/uploads\/2019\/06\/FB_IMG_1561575427944-500x281.jpg 500w, https:\/\/asnyk.edu.pl\/wp-content\/uploads\/2019\/06\/FB_IMG_1561575427944-768x432.jpg 768w\" sizes=\"auto, (max-width: 960px) 100vw, 960px\" \/><\/figure><\/li><li class=\"blocks-gallery-item\"><figure><img loading=\"lazy\" decoding=\"async\" width=\"528\" height=\"960\" src=\"http:\/\/asnyk.edu.pl\/wp-content\/uploads\/2019\/06\/FB_IMG_1561575430189.jpg\" alt=\"\" data-id=\"1239\" data-link=\"http:\/\/asnyk.edu.pl\/?attachment_id=1239\" class=\"wp-image-1239\" srcset=\"https:\/\/asnyk.edu.pl\/wp-content\/uploads\/2019\/06\/FB_IMG_1561575430189.jpg 528w, https:\/\/asnyk.edu.pl\/wp-content\/uploads\/2019\/06\/FB_IMG_1561575430189-110x200.jpg 110w, https:\/\/asnyk.edu.pl\/wp-content\/uploads\/2019\/06\/FB_IMG_1561575430189-275x500.jpg 275w, https:\/\/asnyk.edu.pl\/wp-content\/uploads\/2019\/06\/FB_IMG_1561575430189-165x300.jpg 165w\" sizes=\"auto, (max-width: 528px) 100vw, 528px\" \/><\/figure><\/li><li class=\"blocks-gallery-item\"><figure><img loading=\"lazy\" decoding=\"async\" width=\"528\" height=\"960\" src=\"http:\/\/asnyk.edu.pl\/wp-content\/uploads\/2019\/06\/FB_IMG_1561575433025.jpg\" alt=\"\" data-id=\"1240\" data-link=\"http:\/\/asnyk.edu.pl\/?attachment_id=1240\" class=\"wp-image-1240\" srcset=\"https:\/\/asnyk.edu.pl\/wp-content\/uploads\/2019\/06\/FB_IMG_1561575433025.jpg 528w, https:\/\/asnyk.edu.pl\/wp-content\/uploads\/2019\/06\/FB_IMG_1561575433025-110x200.jpg 110w, https:\/\/asnyk.edu.pl\/wp-content\/uploads\/2019\/06\/FB_IMG_1561575433025-275x500.jpg 275w, https:\/\/asnyk.edu.pl\/wp-content\/uploads\/2019\/06\/FB_IMG_1561575433025-165x300.jpg 165w\" sizes=\"auto, (max-width: 528px) 100vw, 528px\" \/><\/figure><\/li><li class=\"blocks-gallery-item\"><figure><img loading=\"lazy\" decoding=\"async\" width=\"528\" height=\"960\" src=\"http:\/\/asnyk.edu.pl\/wp-content\/uploads\/2019\/06\/FB_IMG_1561575435970.jpg\" alt=\"\" data-id=\"1241\" data-link=\"http:\/\/asnyk.edu.pl\/?attachment_id=1241\" class=\"wp-image-1241\" srcset=\"https:\/\/asnyk.edu.pl\/wp-content\/uploads\/2019\/06\/FB_IMG_1561575435970.jpg 528w, https:\/\/asnyk.edu.pl\/wp-content\/uploads\/2019\/06\/FB_IMG_1561575435970-110x200.jpg 110w, https:\/\/asnyk.edu.pl\/wp-content\/uploads\/2019\/06\/FB_IMG_1561575435970-275x500.jpg 275w, https:\/\/asnyk.edu.pl\/wp-content\/uploads\/2019\/06\/FB_IMG_1561575435970-165x300.jpg 165w\" sizes=\"auto, (max-width: 528px) 100vw, 528px\" \/><\/figure><\/li><li class=\"blocks-gallery-item\"><figure><img loading=\"lazy\" decoding=\"async\" width=\"528\" height=\"960\" src=\"http:\/\/asnyk.edu.pl\/wp-content\/uploads\/2019\/06\/FB_IMG_1561575438224.jpg\" alt=\"\" data-id=\"1242\" data-link=\"http:\/\/asnyk.edu.pl\/?attachment_id=1242\" class=\"wp-image-1242\" srcset=\"https:\/\/asnyk.edu.pl\/wp-content\/uploads\/2019\/06\/FB_IMG_1561575438224.jpg 528w, https:\/\/asnyk.edu.pl\/wp-content\/uploads\/2019\/06\/FB_IMG_1561575438224-110x200.jpg 110w, https:\/\/asnyk.edu.pl\/wp-content\/uploads\/2019\/06\/FB_IMG_1561575438224-275x500.jpg 275w, https:\/\/asnyk.edu.pl\/wp-content\/uploads\/2019\/06\/FB_IMG_1561575438224-165x300.jpg 165w\" sizes=\"auto, (max-width: 528px) 100vw, 528px\" \/><\/figure><\/li><\/ul>\n\n\n\n<p>Gar\u015b\u0107 informacji o lasach miejskich w Bielsku-Bia\u0142ej. Wywiad z le\u015bniczym Paw\u0142em Staszewskim, zrealizowany przez dziewczyny z Asnyka w ramach zaj\u0119\u0107 przyrodniczo-dziennikarskich.<\/p>\n\n\n\n<figure class=\"wp-block-embed-youtube wp-block-embed is-type-video is-provider-youtube wp-embed-aspect-16-9 wp-has-aspect-ratio\"><div class=\"wp-block-embed__wrapper\">\n<iframe loading=\"lazy\" title=\"M\u00f3j s\u0105siad drzewo lasy komunalne bielsko\" width=\"584\" height=\"329\" src=\"https:\/\/www.youtube.com\/embed\/sawmI-zgrV0?feature=oembed\" frameborder=\"0\" allow=\"accelerometer; autoplay; clipboard-write; encrypted-media; gyroscope; picture-in-picture; web-share\" referrerpolicy=\"strict-origin-when-cross-origin\" allowfullscreen><\/iframe>\n<\/div><\/figure>\n","protected":false},"excerpt":{"rendered":"<p>Nasze wspania\u0142e uczennice wraz z p. Ew\u0105 Potoczny mimo upa\u0142u dotar\u0142y na wywiad w Le\u015bnictwie Miejskim na granicy miasta i Bystrej. Powstanie z tego ciekawy film do obejrzenia wkr\u00f3tce. Tylko w Asnyku dziej\u0105 si\u0119 takie rzeczy w sezonie wakacyjnym! Gar\u015b\u0107 &hellip; <a href=\"https:\/\/asnyk.edu.pl\/?p=1236\">Czytaj dalej <span class=\"meta-nav\">&rarr;<\/span><\/a><\/p>\n","protected":false},"author":5,"featured_media":0,"comment_status":"closed","ping_status":"closed","sticky":false,"template":"","format":"standard","meta":{"footnotes":"","_links_to":"","_links_to_target":""},"categories":[1],"tags":[],"class_list":["post-1236","post","type-post","status-publish","format-standard","hentry","category-uncategorized"],"_links":{"self":[{"href":"https:\/\/asnyk.edu.pl\/index.php?rest_route=\/wp\/v2\/posts\/1236","targetHints":{"allow":["GET"]}}],"collection":[{"href":"https:\/\/asnyk.edu.pl\/index.php?rest_route=\/wp\/v2\/posts"}],"about":[{"href":"https:\/\/asnyk.edu.pl\/index.php?rest_route=\/wp\/v2\/types\/post"}],"author":[{"embeddable":true,"href":"https:\/\/asnyk.edu.pl\/index.php?rest_route=\/wp\/v2\/users\/5"}],"replies":[{"embeddable":true,"href":"https:\/\/asnyk.edu.pl\/index.php?rest_route=%2Fwp%2Fv2%2Fcomments&post=1236"}],"version-history":[{"count":5,"href":"https:\/\/asnyk.edu.pl\/index.php?rest_route=\/wp\/v2\/posts\/1236\/revisions"}],"predecessor-version":[{"id":1270,"href":"https:\/\/asnyk.edu.pl\/index.php?rest_route=\/wp\/v2\/posts\/1236\/revisions\/1270"}],"wp:attachment":[{"href":"https:\/\/asnyk.edu.pl\/index.php?rest_route=%2Fwp%2Fv2%2Fmedia&parent=1236"}],"wp:term":[{"taxonomy":"category","embeddable":true,"href":"https:\/\/asnyk.edu.pl\/index.php?rest_route=%2Fwp%2Fv2%2Fcategories&post=1236"},{"taxonomy":"post_tag","embeddable":true,"href":"https:\/\/asnyk.edu.pl\/index.php?rest_route=%2Fwp%2Fv2%2Ftags&post=1236"}],"curies":[{"name":"wp","href":"https:\/\/api.w.org\/{rel}","templated":true}]}}