{"id":11494,"date":"2023-12-01T09:17:32","date_gmt":"2023-12-01T09:17:32","guid":{"rendered":"https:\/\/asnyk.edu.pl\/?p=11494"},"modified":"2023-12-01T09:17:32","modified_gmt":"2023-12-01T09:17:32","slug":"zbiorka-nakretek-2","status":"publish","type":"post","link":"https:\/\/asnyk.edu.pl\/?p=11494","title":{"rendered":"Zbi\u00f3rka nakr\u0119tek"},"content":{"rendered":"\n<p>Nasza zbi\u00f3rka nakr\u0119tek ci\u0105gle trwa!<\/p>\n<p>W tym roku szkolnym ponownie wspieramy ma\u0142\u0105 Martynk\u0119 Szerf podopieczn\u0105 fundacji Serca dla Maluszka<\/p>\n\n\n\n<figure class=\"wp-block-image size-medium\"><img loading=\"lazy\" decoding=\"async\" width=\"505\" height=\"468\" src=\"https:\/\/asnyk.edu.pl\/wp-content\/uploads\/2023\/12\/mart-505x468.png\" alt=\"\" class=\"wp-image-11495\" srcset=\"https:\/\/asnyk.edu.pl\/wp-content\/uploads\/2023\/12\/mart-505x468.png 505w, https:\/\/asnyk.edu.pl\/wp-content\/uploads\/2023\/12\/mart-205x190.png 205w, https:\/\/asnyk.edu.pl\/wp-content\/uploads\/2023\/12\/mart-324x300.png 324w, https:\/\/asnyk.edu.pl\/wp-content\/uploads\/2023\/12\/mart.png 535w\" sizes=\"auto, (max-width: 505px) 100vw, 505px\" \/><\/figure>\n\n\n\n<p>Bardzo Pa\u0144stwu dzi\u0119kujemy za udzia\u0142 w zbi\u00f3rce i zapraszamy do dalszej wsp\u00f3\u0142pracy !<\/p>\n\n\n\n<div class=\"wp-block-dgwt-justified-gallery\">\n\t\t<style type=\"text\/css\">\n\t\t\t#gallery-1 {\n\t\t\t\tmargin: auto;\n\t\t\t}\n\t\t\t#gallery-1 .gallery-item {\n\t\t\t\tfloat: left;\n\t\t\t\tmargin-top: 10px;\n\t\t\t\ttext-align: center;\n\t\t\t\twidth: 33%;\n\t\t\t}\n\t\t\t#gallery-1 img {\n\t\t\t\tborder: 2px solid #cfcfcf;\n\t\t\t}\n\t\t\t#gallery-1 .gallery-caption {\n\t\t\t\tmargin-left: 0;\n\t\t\t}\n\t\t\t\/* see gallery_shortcode() in wp-includes\/media.php *\/\n\t\t<\/style>\n\t\t<div id='gallery-1' class='gallery galleryid-11494 gallery-columns-3 gallery-size-thumbnail'><dl class='gallery-item'>\n\t\t\t<dt class='gallery-icon portrait'>\n\t\t\t\t<a href='https:\/\/asnyk.edu.pl\/?attachment_id=11496'><img loading=\"lazy\" decoding=\"async\" width=\"154\" height=\"205\" src=\"https:\/\/asnyk.edu.pl\/wp-content\/uploads\/2023\/12\/2-154x205.jpg\" class=\"attachment-thumbnail size-thumbnail\" alt=\"\" srcset=\"https:\/\/asnyk.edu.pl\/wp-content\/uploads\/2023\/12\/2-154x205.jpg 154w, https:\/\/asnyk.edu.pl\/wp-content\/uploads\/2023\/12\/2-379x505.jpg 379w, https:\/\/asnyk.edu.pl\/wp-content\/uploads\/2023\/12\/2-900x1200.jpg 900w, https:\/\/asnyk.edu.pl\/wp-content\/uploads\/2023\/12\/2-768x1024.jpg 768w, https:\/\/asnyk.edu.pl\/wp-content\/uploads\/2023\/12\/2-1152x1536.jpg 1152w, https:\/\/asnyk.edu.pl\/wp-content\/uploads\/2023\/12\/2-225x300.jpg 225w, https:\/\/asnyk.edu.pl\/wp-content\/uploads\/2023\/12\/2.jpg 1536w\" sizes=\"auto, (max-width: 154px) 100vw, 154px\" \/><\/a>\n\t\t\t<\/dt><\/dl><dl class='gallery-item'>\n\t\t\t<dt class='gallery-icon portrait'>\n\t\t\t\t<a href='https:\/\/asnyk.edu.pl\/?attachment_id=11497'><img loading=\"lazy\" decoding=\"async\" width=\"154\" height=\"205\" src=\"https:\/\/asnyk.edu.pl\/wp-content\/uploads\/2023\/12\/1-154x205.jpg\" class=\"attachment-thumbnail size-thumbnail\" alt=\"\" srcset=\"https:\/\/asnyk.edu.pl\/wp-content\/uploads\/2023\/12\/1-154x205.jpg 154w, https:\/\/asnyk.edu.pl\/wp-content\/uploads\/2023\/12\/1-379x505.jpg 379w, https:\/\/asnyk.edu.pl\/wp-content\/uploads\/2023\/12\/1-900x1200.jpg 900w, https:\/\/asnyk.edu.pl\/wp-content\/uploads\/2023\/12\/1-768x1024.jpg 768w, https:\/\/asnyk.edu.pl\/wp-content\/uploads\/2023\/12\/1-1152x1536.jpg 1152w, https:\/\/asnyk.edu.pl\/wp-content\/uploads\/2023\/12\/1-225x300.jpg 225w, https:\/\/asnyk.edu.pl\/wp-content\/uploads\/2023\/12\/1.jpg 1536w\" sizes=\"auto, (max-width: 154px) 100vw, 154px\" \/><\/a>\n\t\t\t<\/dt><\/dl>\n\t\t\t<br style='clear: both' \/>\n\t\t<\/div>\n<\/div>\n","protected":false},"excerpt":{"rendered":"<p>Nasza zbi\u00f3rka nakr\u0119tek ci\u0105gle trwa! W tym roku szkolnym ponownie wspieramy ma\u0142\u0105 Martynk\u0119 Szerf podopieczn\u0105 fundacji Serca dla Maluszka Bardzo Pa\u0144stwu dzi\u0119kujemy za udzia\u0142 w zbi\u00f3rce i zapraszamy do dalszej wsp\u00f3\u0142pracy !<\/p>\n","protected":false},"author":5,"featured_media":0,"comment_status":"closed","ping_status":"closed","sticky":false,"template":"","format":"standard","meta":{"footnotes":"","_links_to":"","_links_to_target":""},"categories":[54],"tags":[],"class_list":["post-11494","post","type-post","status-publish","format-standard","hentry","category-pomagamy-2023-24"],"_links":{"self":[{"href":"https:\/\/asnyk.edu.pl\/index.php?rest_route=\/wp\/v2\/posts\/11494","targetHints":{"allow":["GET"]}}],"collection":[{"href":"https:\/\/asnyk.edu.pl\/index.php?rest_route=\/wp\/v2\/posts"}],"about":[{"href":"https:\/\/asnyk.edu.pl\/index.php?rest_route=\/wp\/v2\/types\/post"}],"author":[{"embeddable":true,"href":"https:\/\/asnyk.edu.pl\/index.php?rest_route=\/wp\/v2\/users\/5"}],"replies":[{"embeddable":true,"href":"https:\/\/asnyk.edu.pl\/index.php?rest_route=%2Fwp%2Fv2%2Fcomments&post=11494"}],"version-history":[{"count":1,"href":"https:\/\/asnyk.edu.pl\/index.php?rest_route=\/wp\/v2\/posts\/11494\/revisions"}],"predecessor-version":[{"id":11498,"href":"https:\/\/asnyk.edu.pl\/index.php?rest_route=\/wp\/v2\/posts\/11494\/revisions\/11498"}],"wp:attachment":[{"href":"https:\/\/asnyk.edu.pl\/index.php?rest_route=%2Fwp%2Fv2%2Fmedia&parent=11494"}],"wp:term":[{"taxonomy":"category","embeddable":true,"href":"https:\/\/asnyk.edu.pl\/index.php?rest_route=%2Fwp%2Fv2%2Fcategories&post=11494"},{"taxonomy":"post_tag","embeddable":true,"href":"https:\/\/asnyk.edu.pl\/index.php?rest_route=%2Fwp%2Fv2%2Ftags&post=11494"}],"curies":[{"name":"wp","href":"https:\/\/api.w.org\/{rel}","templated":true}]}}