{"id":11171,"date":"2023-10-16T12:05:49","date_gmt":"2023-10-16T12:05:49","guid":{"rendered":"https:\/\/asnyk.edu.pl\/?p=11171"},"modified":"2023-10-23T12:09:31","modified_gmt":"2023-10-23T12:09:31","slug":"najlepsza-nasza-uczennica","status":"publish","type":"post","link":"https:\/\/asnyk.edu.pl\/?p=11171","title":{"rendered":"Najlepsza nasza uczennica"},"content":{"rendered":"\n<p>W dniu 13 pa\u017adziernika odby\u0142o si\u0119 uroczyste wr\u0119czenie dyplom\u00f3w Stypendystom Prezesa Rady Ministr\u00f3w. Z naszej szko\u0142y dyplom odebra\u0142a uczennica kl.4c Magdalena Maindok. Gratulujemy !<\/p>\n<p>\u00a0<\/p>\n\n\n\n<div class=\"wp-block-dgwt-justified-gallery\">\n\t\t<style type=\"text\/css\">\n\t\t\t#gallery-1 {\n\t\t\t\tmargin: auto;\n\t\t\t}\n\t\t\t#gallery-1 .gallery-item {\n\t\t\t\tfloat: left;\n\t\t\t\tmargin-top: 10px;\n\t\t\t\ttext-align: center;\n\t\t\t\twidth: 33%;\n\t\t\t}\n\t\t\t#gallery-1 img {\n\t\t\t\tborder: 2px solid #cfcfcf;\n\t\t\t}\n\t\t\t#gallery-1 .gallery-caption {\n\t\t\t\tmargin-left: 0;\n\t\t\t}\n\t\t\t\/* see gallery_shortcode() in wp-includes\/media.php *\/\n\t\t<\/style>\n\t\t<div id='gallery-1' class='gallery galleryid-11171 gallery-columns-3 gallery-size-thumbnail'><dl class='gallery-item'>\n\t\t\t<dt class='gallery-icon portrait'>\n\t\t\t\t<a href='https:\/\/asnyk.edu.pl\/?attachment_id=11172'><img loading=\"lazy\" decoding=\"async\" width=\"133\" height=\"205\" src=\"https:\/\/asnyk.edu.pl\/wp-content\/uploads\/2023\/10\/IMG_20231013_135834-133x205.jpg\" class=\"attachment-thumbnail size-thumbnail\" alt=\"\" srcset=\"https:\/\/asnyk.edu.pl\/wp-content\/uploads\/2023\/10\/IMG_20231013_135834-133x205.jpg 133w, https:\/\/asnyk.edu.pl\/wp-content\/uploads\/2023\/10\/IMG_20231013_135834-328x505.jpg 328w, https:\/\/asnyk.edu.pl\/wp-content\/uploads\/2023\/10\/IMG_20231013_135834-779x1200.jpg 779w, https:\/\/asnyk.edu.pl\/wp-content\/uploads\/2023\/10\/IMG_20231013_135834-768x1182.jpg 768w, https:\/\/asnyk.edu.pl\/wp-content\/uploads\/2023\/10\/IMG_20231013_135834-998x1536.jpg 998w, https:\/\/asnyk.edu.pl\/wp-content\/uploads\/2023\/10\/IMG_20231013_135834-195x300.jpg 195w, https:\/\/asnyk.edu.pl\/wp-content\/uploads\/2023\/10\/IMG_20231013_135834.jpg 1299w\" sizes=\"auto, (max-width: 133px) 100vw, 133px\" \/><\/a>\n\t\t\t<\/dt><\/dl><dl class='gallery-item'>\n\t\t\t<dt class='gallery-icon portrait'>\n\t\t\t\t<a href='https:\/\/asnyk.edu.pl\/?attachment_id=11173'><img loading=\"lazy\" decoding=\"async\" width=\"153\" height=\"205\" src=\"https:\/\/asnyk.edu.pl\/wp-content\/uploads\/2023\/10\/IMG_20231013_131905-153x205.jpg\" class=\"attachment-thumbnail size-thumbnail\" alt=\"\" srcset=\"https:\/\/asnyk.edu.pl\/wp-content\/uploads\/2023\/10\/IMG_20231013_131905-153x205.jpg 153w, https:\/\/asnyk.edu.pl\/wp-content\/uploads\/2023\/10\/IMG_20231013_131905-378x505.jpg 378w, https:\/\/asnyk.edu.pl\/wp-content\/uploads\/2023\/10\/IMG_20231013_131905-898x1200.jpg 898w, https:\/\/asnyk.edu.pl\/wp-content\/uploads\/2023\/10\/IMG_20231013_131905-768x1027.jpg 768w, https:\/\/asnyk.edu.pl\/wp-content\/uploads\/2023\/10\/IMG_20231013_131905-1149x1536.jpg 1149w, https:\/\/asnyk.edu.pl\/wp-content\/uploads\/2023\/10\/IMG_20231013_131905-224x300.jpg 224w, https:\/\/asnyk.edu.pl\/wp-content\/uploads\/2023\/10\/IMG_20231013_131905.jpg 1197w\" sizes=\"auto, (max-width: 153px) 100vw, 153px\" \/><\/a>\n\t\t\t<\/dt><\/dl>\n\t\t\t<br style='clear: both' \/>\n\t\t<\/div>\n<\/div>\n","protected":false},"excerpt":{"rendered":"<p>W dniu 13 pa\u017adziernika odby\u0142o si\u0119 uroczyste wr\u0119czenie dyplom\u00f3w Stypendystom Prezesa Rady Ministr\u00f3w. Z naszej szko\u0142y dyplom odebra\u0142a uczennica kl.4c Magdalena Maindok. Gratulujemy ! \u00a0<\/p>\n","protected":false},"author":5,"featured_media":0,"comment_status":"closed","ping_status":"closed","sticky":false,"template":"","format":"standard","meta":{"footnotes":"","_links_to":"","_links_to_target":""},"categories":[23],"tags":[],"class_list":["post-11171","post","type-post","status-publish","format-standard","hentry","category-wydarzenia-2022-2023"],"_links":{"self":[{"href":"https:\/\/asnyk.edu.pl\/index.php?rest_route=\/wp\/v2\/posts\/11171","targetHints":{"allow":["GET"]}}],"collection":[{"href":"https:\/\/asnyk.edu.pl\/index.php?rest_route=\/wp\/v2\/posts"}],"about":[{"href":"https:\/\/asnyk.edu.pl\/index.php?rest_route=\/wp\/v2\/types\/post"}],"author":[{"embeddable":true,"href":"https:\/\/asnyk.edu.pl\/index.php?rest_route=\/wp\/v2\/users\/5"}],"replies":[{"embeddable":true,"href":"https:\/\/asnyk.edu.pl\/index.php?rest_route=%2Fwp%2Fv2%2Fcomments&post=11171"}],"version-history":[{"count":1,"href":"https:\/\/asnyk.edu.pl\/index.php?rest_route=\/wp\/v2\/posts\/11171\/revisions"}],"predecessor-version":[{"id":11174,"href":"https:\/\/asnyk.edu.pl\/index.php?rest_route=\/wp\/v2\/posts\/11171\/revisions\/11174"}],"wp:attachment":[{"href":"https:\/\/asnyk.edu.pl\/index.php?rest_route=%2Fwp%2Fv2%2Fmedia&parent=11171"}],"wp:term":[{"taxonomy":"category","embeddable":true,"href":"https:\/\/asnyk.edu.pl\/index.php?rest_route=%2Fwp%2Fv2%2Fcategories&post=11171"},{"taxonomy":"post_tag","embeddable":true,"href":"https:\/\/asnyk.edu.pl\/index.php?rest_route=%2Fwp%2Fv2%2Ftags&post=11171"}],"curies":[{"name":"wp","href":"https:\/\/api.w.org\/{rel}","templated":true}]}}